{"id":2707,"date":"2012-04-19T18:12:53","date_gmt":"2012-04-19T17:12:53","guid":{"rendered":"http:\/\/mitue.de\/?p=2707"},"modified":"2024-09-11T11:42:46","modified_gmt":"2024-09-11T10:42:46","slug":"spath-in-baumschulenweg","status":"publish","type":"post","link":"https:\/\/mitue.de\/?p=2707","title":{"rendered":"Sp\u00e4th in Baumschulenweg"},"content":{"rendered":"<p>Die <a href=\"http:\/\/www.spaethsche-baumschulen.de\/historie.htm\">Sp\u00e4thsche G\u00e4rtnerei<\/a> wurde 1720 gegr\u00fcndet. Das war vor dem Halleschen Tor auf dem Johannistisch. Den Stra\u00dfennamen &#8222;Am Johannistisch&#8220; gibt es immer noch.<br \/>\nDes ersten Sp\u00e4ths Sohn Carl hat 1760 die G\u00e4rtnerei auf ein gr\u00f6\u00dferes Grundst\u00fcck in der K\u00f6penicker Stra\u00dfe 154 verlegt. Die G\u00e4rtnerei wurde von Ludwig, Carls Enkelsohn, erheblich erweitert. Ludwig Sp\u00e4th kaufte auch vorausschauend jenes Gel\u00e4nde in Baumschulenweg.<br \/>\n(Infos aus Pompluns grossem Berlin Buch)<\/p>\n<p><a href=\"https:\/\/www.flickr.com\/photos\/mitue\/53986345012\/in\/dateposted\/\" title=\"Sp\u00e4th\"><img loading=\"lazy\" decoding=\"async\" src=\"https:\/\/live.staticflickr.com\/65535\/53986345012_0ef0b89f5d.jpg\" width=\"500\" height=\"500\" alt=\"Sp\u00e4th\"\/><\/a><\/p>\n<p><a href=\"http:\/\/www.flickr.com\/photos\/mitue\/7090785743\/\" title=\"Spaz014_34 von mitue bei Flickr\"><img loading=\"lazy\" decoding=\"async\" src=\"http:\/\/farm8.staticflickr.com\/7221\/7090785743_3b045eff71.jpg\" width=\"500\" height=\"341\" alt=\"Spaz014_34\"><\/a><\/p>\n<p><a href=\"http:\/\/www.flickr.com\/photos\/mitue\/6934382196\/\" title=\"Spaz014_02 von mitue bei Flickr\"><img loading=\"lazy\" decoding=\"async\" src=\"http:\/\/farm6.staticflickr.com\/5329\/6934382196_e085f9dfb7.jpg\" width=\"500\" height=\"333\" alt=\"Spaz014_02\"><\/a><\/p>\n<p><a href=\"http:\/\/www.flickr.com\/photos\/mitue\/7076850537\/\" title=\"Zaun von mitue bei Flickr\"><img loading=\"lazy\" decoding=\"async\" src=\"http:\/\/farm8.staticflickr.com\/7277\/7076850537_dfd8df22b1.jpg\" width=\"500\" height=\"346\" alt=\"Zaun\"><\/a><\/p>\n<p><a href=\"http:\/\/www2.hu-berlin.de\/biologie\/arboretum\/geschichte.html\">Sp\u00e4th-Arboretum der Humboldt-Universit\u00e4t  <\/a>    <\/p>\n","protected":false},"excerpt":{"rendered":"<p>Die Sp\u00e4thsche G\u00e4rtnerei wurde 1720 gegr\u00fcndet. Das war vor dem Halleschen Tor auf dem Johannistisch. Den Stra\u00dfennamen &#8222;Am Johannistisch&#8220; gibt es immer noch. Des ersten Sp\u00e4ths Sohn Carl hat 1760 die G\u00e4rtnerei auf ein gr\u00f6\u00dferes Grundst\u00fcck in der K\u00f6penicker Stra\u00dfe 154 verlegt. Die G\u00e4rtnerei wurde von Ludwig, Carls Enkelsohn, erheblich erweitert. Ludwig Sp\u00e4th kaufte auch [&hellip;]<\/p>\n","protected":false},"author":1,"featured_media":0,"comment_status":"open","ping_status":"closed","sticky":false,"template":"","format":"standard","meta":{"footnotes":""},"categories":[4],"tags":[492,491],"class_list":["post-2707","post","type-post","status-publish","format-standard","hentry","category-berlin","tag-arboretum","tag-baumschulenweg"],"_links":{"self":[{"href":"https:\/\/mitue.de\/index.php?rest_route=\/wp\/v2\/posts\/2707","targetHints":{"allow":["GET"]}}],"collection":[{"href":"https:\/\/mitue.de\/index.php?rest_route=\/wp\/v2\/posts"}],"about":[{"href":"https:\/\/mitue.de\/index.php?rest_route=\/wp\/v2\/types\/post"}],"author":[{"embeddable":true,"href":"https:\/\/mitue.de\/index.php?rest_route=\/wp\/v2\/users\/1"}],"replies":[{"embeddable":true,"href":"https:\/\/mitue.de\/index.php?rest_route=%2Fwp%2Fv2%2Fcomments&post=2707"}],"version-history":[{"count":3,"href":"https:\/\/mitue.de\/index.php?rest_route=\/wp\/v2\/posts\/2707\/revisions"}],"predecessor-version":[{"id":9715,"href":"https:\/\/mitue.de\/index.php?rest_route=\/wp\/v2\/posts\/2707\/revisions\/9715"}],"wp:attachment":[{"href":"https:\/\/mitue.de\/index.php?rest_route=%2Fwp%2Fv2%2Fmedia&parent=2707"}],"wp:term":[{"taxonomy":"category","embeddable":true,"href":"https:\/\/mitue.de\/index.php?rest_route=%2Fwp%2Fv2%2Fcategories&post=2707"},{"taxonomy":"post_tag","embeddable":true,"href":"https:\/\/mitue.de\/index.php?rest_route=%2Fwp%2Fv2%2Ftags&post=2707"}],"curies":[{"name":"wp","href":"https:\/\/api.w.org\/{rel}","templated":true}]}}