{"id":272,"date":"2008-11-25T20:29:56","date_gmt":"2008-11-25T19:29:56","guid":{"rendered":"http:\/\/mitue.de\/?p=272"},"modified":"2008-11-25T20:29:56","modified_gmt":"2008-11-25T19:29:56","slug":"november","status":"publish","type":"post","link":"https:\/\/mitue.de\/?p=272","title":{"rendered":"November"},"content":{"rendered":"<p><a title=\"Malerei im Schnee by mitue, on Flickr\" href=\"http:\/\/www.flickr.com\/photos\/mitue\/3059474988\/\"><img loading=\"lazy\" decoding=\"async\" src=\"http:\/\/farm4.static.flickr.com\/3059\/3059474988_5d5c9de684.jpg\" border=\"0\" alt=\"Malerei im Schnee\" width=\"500\" height=\"394\" \/><\/a><br \/>\n<a href=\"http:\/\/de.wikipedia.org\/wiki\/Moritz_Schulz\">Moritz Schulz<\/a>, Treppe <a href=\"http:\/\/www.alte-nationalgalerie.de\/\">Alte Nationalgalerie<\/a><\/p>\n<blockquote><p>Ich liebe den Herbst, seine Trauerstimmung pa\u00dft gut zu Erinnerungen. Wenn B\u00e4ume entlaubt stehen, wenn der Himmel noch ins Verd\u00e4mmern die brandrote F\u00e4rbung hin\u00fcbernimmt, die mit ihrem Schimmer die vergilbte Grasnarbe \u00fcbergoldet &#8211; dann ber\u00fchrt es eigent\u00fcmlich s\u00fc\u00df, all das zu sehen, wie es verlischt, was j\u00fcngst noch in einem brannte.<br \/>\n(aus: Gustave Flaubert <a href=\"http:\/\/gutenberg.spiegel.de\/?id=5&amp;xid=662&amp;kapitel=1#gb_found\"><em>November<\/em><\/a>)<\/p><\/blockquote>\n","protected":false},"excerpt":{"rendered":"<p>Moritz Schulz, Treppe Alte Nationalgalerie Ich liebe den Herbst, seine Trauerstimmung pa\u00dft gut zu Erinnerungen. Wenn B\u00e4ume entlaubt stehen, wenn der Himmel noch ins Verd\u00e4mmern die brandrote F\u00e4rbung hin\u00fcbernimmt, die mit ihrem Schimmer die vergilbte Grasnarbe \u00fcbergoldet &#8211; dann ber\u00fchrt es eigent\u00fcmlich s\u00fc\u00df, all das zu sehen, wie es verlischt, was j\u00fcngst noch in einem [&hellip;]<\/p>\n","protected":false},"author":1,"featured_media":0,"comment_status":"open","ping_status":"open","sticky":false,"template":"","format":"standard","meta":{"footnotes":""},"categories":[3],"tags":[],"class_list":["post-272","post","type-post","status-publish","format-standard","hentry","category-kunst-im-offentlichen-raum"],"_links":{"self":[{"href":"https:\/\/mitue.de\/index.php?rest_route=\/wp\/v2\/posts\/272","targetHints":{"allow":["GET"]}}],"collection":[{"href":"https:\/\/mitue.de\/index.php?rest_route=\/wp\/v2\/posts"}],"about":[{"href":"https:\/\/mitue.de\/index.php?rest_route=\/wp\/v2\/types\/post"}],"author":[{"embeddable":true,"href":"https:\/\/mitue.de\/index.php?rest_route=\/wp\/v2\/users\/1"}],"replies":[{"embeddable":true,"href":"https:\/\/mitue.de\/index.php?rest_route=%2Fwp%2Fv2%2Fcomments&post=272"}],"version-history":[{"count":0,"href":"https:\/\/mitue.de\/index.php?rest_route=\/wp\/v2\/posts\/272\/revisions"}],"wp:attachment":[{"href":"https:\/\/mitue.de\/index.php?rest_route=%2Fwp%2Fv2%2Fmedia&parent=272"}],"wp:term":[{"taxonomy":"category","embeddable":true,"href":"https:\/\/mitue.de\/index.php?rest_route=%2Fwp%2Fv2%2Fcategories&post=272"},{"taxonomy":"post_tag","embeddable":true,"href":"https:\/\/mitue.de\/index.php?rest_route=%2Fwp%2Fv2%2Ftags&post=272"}],"curies":[{"name":"wp","href":"https:\/\/api.w.org\/{rel}","templated":true}]}}