{"id":273,"date":"2008-11-26T19:13:49","date_gmt":"2008-11-26T18:13:49","guid":{"rendered":"http:\/\/mitue.de\/?p=273"},"modified":"2014-03-15T17:53:20","modified_gmt":"2014-03-15T16:53:20","slug":"bogen","status":"publish","type":"post","link":"https:\/\/mitue.de\/?p=273","title":{"rendered":"Bogen"},"content":{"rendered":"<p><a title=\"Bernard Venet Nizza by mitue, on Flickr\" href=\"http:\/\/www.flickr.com\/photos\/mitue\/3061819618\/\"><img loading=\"lazy\" decoding=\"async\" src=\"http:\/\/farm4.static.flickr.com\/3189\/3061819618_5f49b3bd09.jpg\" border=\"0\" alt=\"Bernard Venet Nizza\" width=\"500\" height=\"338\" \/><\/a><br \/>\n<a href=\"http:\/\/www.bernarvenet.com\/\">Bernar Venet<\/a> in Nizza<\/p>\n<p><a title=\"Bernard Venet Berlin by mitue, on Flickr\" href=\"http:\/\/www.flickr.com\/photos\/mitue\/3061822398\/\"><img loading=\"lazy\" decoding=\"async\" src=\"http:\/\/farm4.static.flickr.com\/3232\/3061822398_22e37dd5ea.jpg\" border=\"0\" alt=\"Bernard Venet Berlin\" width=\"500\" height=\"337\" \/><\/a><br \/>\nBernar Venet in Berlin<\/p>\n<blockquote>\n<p style=\"text-align: left;\">Er steht auf einem begr\u00fcnten Mittelstreifen knapp vor sechs bis acht Fahrspuren, flankiert von weiteren zwei mal sechs Fahrspuren, \u00fcberragt vom ehemaligen Philips-Verwaltungshochhaus und dem einer Wohnungsbaugesellschaft, umgeben von Fassaden mit der Werbung f\u00fcr Getr\u00e4nke-Hoffmann und Conrad-Electronic, umbraust vom Verkehr, immer wieder mit Graffity versehen, immer wieder geschw\u00e4rzt, im Niemandsland zwischen Charlottenburg und Tiergarten und Sch\u00f6neberg, vor der Urania.<\/p>\n<p style=\"text-align: left;\">Und genau da steht er richtig. Denn, seitdem er da steht, ist diese uns\u00e4gliche Ecke Berlins beinahe ein Platz. Seitdem gibt es hier etwas zu sehen, das Freude macht. Etwas, das Ruhe ausstrahlt und von dem Energie ausgeht. Etwas von den Dingen zwischen Himmel und Erde, die es wider Erwarten doch gibt.<\/p>\n<\/blockquote>\n<p>Liesl hat noch <a href=\"http:\/\/www.qype.com\/place\/40805-124-5-Arc-Berlin\">viel mehr<\/a> \u00fcber Venets Berliner Bogen geschrieben. Man bekommt Lust, an dieser <em>uns\u00e4glichen Ecke Berlins<\/em> mal wieder vorbeizuschauen.<\/p>\n","protected":false},"excerpt":{"rendered":"<p>Bernar Venet in Nizza Bernar Venet in Berlin Er steht auf einem begr\u00fcnten Mittelstreifen knapp vor sechs bis acht Fahrspuren, flankiert von weiteren zwei mal sechs Fahrspuren, \u00fcberragt vom ehemaligen Philips-Verwaltungshochhaus und dem einer Wohnungsbaugesellschaft, umgeben von Fassaden mit der Werbung f\u00fcr Getr\u00e4nke-Hoffmann und Conrad-Electronic, umbraust vom Verkehr, immer wieder mit Graffity versehen, immer wieder [&hellip;]<\/p>\n","protected":false},"author":1,"featured_media":0,"comment_status":"open","ping_status":"open","sticky":false,"template":"","format":"standard","meta":{"footnotes":""},"categories":[3],"tags":[100,87,10],"class_list":["post-273","post","type-post","status-publish","format-standard","hentry","category-kunst-im-offentlichen-raum","tag-bernar-venet","tag-cote-dazur","tag-skulptur"],"_links":{"self":[{"href":"https:\/\/mitue.de\/index.php?rest_route=\/wp\/v2\/posts\/273","targetHints":{"allow":["GET"]}}],"collection":[{"href":"https:\/\/mitue.de\/index.php?rest_route=\/wp\/v2\/posts"}],"about":[{"href":"https:\/\/mitue.de\/index.php?rest_route=\/wp\/v2\/types\/post"}],"author":[{"embeddable":true,"href":"https:\/\/mitue.de\/index.php?rest_route=\/wp\/v2\/users\/1"}],"replies":[{"embeddable":true,"href":"https:\/\/mitue.de\/index.php?rest_route=%2Fwp%2Fv2%2Fcomments&post=273"}],"version-history":[{"count":1,"href":"https:\/\/mitue.de\/index.php?rest_route=\/wp\/v2\/posts\/273\/revisions"}],"predecessor-version":[{"id":3978,"href":"https:\/\/mitue.de\/index.php?rest_route=\/wp\/v2\/posts\/273\/revisions\/3978"}],"wp:attachment":[{"href":"https:\/\/mitue.de\/index.php?rest_route=%2Fwp%2Fv2%2Fmedia&parent=273"}],"wp:term":[{"taxonomy":"category","embeddable":true,"href":"https:\/\/mitue.de\/index.php?rest_route=%2Fwp%2Fv2%2Fcategories&post=273"},{"taxonomy":"post_tag","embeddable":true,"href":"https:\/\/mitue.de\/index.php?rest_route=%2Fwp%2Fv2%2Ftags&post=273"}],"curies":[{"name":"wp","href":"https:\/\/api.w.org\/{rel}","templated":true}]}}