{"id":2756,"date":"2012-05-22T19:41:46","date_gmt":"2012-05-22T18:41:46","guid":{"rendered":"http:\/\/mitue.de\/?p=2756"},"modified":"2012-05-23T06:15:23","modified_gmt":"2012-05-23T05:15:23","slug":"broken-heroes","status":"publish","type":"post","link":"https:\/\/mitue.de\/?p=2756","title":{"rendered":"Broken Heroes"},"content":{"rendered":"<p><a href=\"http:\/\/www.deschler-berlin.de\/Ausstellungen\/1202_PWaller.htm\">Patricia Waller<\/a> in der Galerie Deschler<\/p>\n<p><a title=\"Sandmann von mitue bei Flickr\" href=\"http:\/\/www.flickr.com\/photos\/mitue\/7250359842\/\"><img loading=\"lazy\" decoding=\"async\" src=\"http:\/\/farm9.staticflickr.com\/8142\/7250359842_c861d2cc15.jpg\" alt=\"Sandmann\" width=\"500\" height=\"333\" \/><\/a><\/p>\n<blockquote><p>\u201eSandm\u00e4nnchen\u201c \u2013 Die st\u00e4ndige Beanspruchung (Nachtschicht) und die Verantwortung f\u00fcr die Tr\u00e4ume der Kinder f\u00fchren durch t\u00e4gliche Wiederholung zu einem Hinterfragen seiner T\u00e4tigkeit und schlie\u00dflich in tiefe Depressionen, und er begeht \u2013 wie k\u00f6nnte es anders sein \u2013 mit Schlaftabletten Selbstmord.<\/p><\/blockquote>\n<p><a title=\"Daneben von mitue bei Flickr\" href=\"http:\/\/www.flickr.com\/photos\/mitue\/7227573422\/\"><img loading=\"lazy\" decoding=\"async\" src=\"http:\/\/farm8.staticflickr.com\/7072\/7227573422_da7442b7a0.jpg\" alt=\"Daneben\" width=\"500\" height=\"500\" \/><\/a><\/p>\n<p><a href=\"http:\/\/mitue.de\/?p=436\">Ach, Wilhelm!<\/a> &#8211; Daneben!<\/p>\n<p><a title=\"Broken Hero von mitue bei Flickr\" href=\"http:\/\/www.flickr.com\/photos\/mitue\/7222025826\/\"><img loading=\"lazy\" decoding=\"async\" src=\"http:\/\/farm8.staticflickr.com\/7095\/7222025826_45972ce0e4.jpg\" alt=\"Broken Hero\" width=\"500\" height=\"375\" \/><\/a><\/p>\n<blockquote><p>\u201ePu, der B\u00e4r\u201c \u2013 Das heutige weltweite Pu-Bild ist vom Disney-Merchandising gepr\u00e4gt, das mit seinen Comics, Stofftieren und anderen Artikeln nach dem Erwerb aller Rechte an Pu dem B\u00e4ren im Jahr 1998 sofort dazu \u00fcbergeht, die Charaktere nach Akzeptanz\u00fcberlegungen umzugestalten. Dies st\u00fcrzt Pu in eine tiefe Existenzkrise und eines Tages wird er erh\u00e4ngt aufgefunden. Ob es Mord oder Selbstmord war, bleibt ungekl\u00e4rt.<\/p><\/blockquote>\n<p><a href=\"http:\/\/mitue.de\/?p=593\">Geh\u00e4kelte Grausamkeiten<\/a><\/p>\n","protected":false},"excerpt":{"rendered":"<p>Patricia Waller in der Galerie Deschler \u201eSandm\u00e4nnchen\u201c \u2013 Die st\u00e4ndige Beanspruchung (Nachtschicht) und die Verantwortung f\u00fcr die Tr\u00e4ume der Kinder f\u00fchren durch t\u00e4gliche Wiederholung zu einem Hinterfragen seiner T\u00e4tigkeit und schlie\u00dflich in tiefe Depressionen, und er begeht \u2013 wie k\u00f6nnte es anders sein \u2013 mit Schlaftabletten Selbstmord. Ach, Wilhelm! &#8211; Daneben! \u201ePu, der B\u00e4r\u201c \u2013 [&hellip;]<\/p>\n","protected":false},"author":1,"featured_media":0,"comment_status":"open","ping_status":"closed","sticky":false,"template":"","format":"standard","meta":{"footnotes":""},"categories":[5],"tags":[],"class_list":["post-2756","post","type-post","status-publish","format-standard","hentry","category-ausstellungen"],"_links":{"self":[{"href":"https:\/\/mitue.de\/index.php?rest_route=\/wp\/v2\/posts\/2756","targetHints":{"allow":["GET"]}}],"collection":[{"href":"https:\/\/mitue.de\/index.php?rest_route=\/wp\/v2\/posts"}],"about":[{"href":"https:\/\/mitue.de\/index.php?rest_route=\/wp\/v2\/types\/post"}],"author":[{"embeddable":true,"href":"https:\/\/mitue.de\/index.php?rest_route=\/wp\/v2\/users\/1"}],"replies":[{"embeddable":true,"href":"https:\/\/mitue.de\/index.php?rest_route=%2Fwp%2Fv2%2Fcomments&post=2756"}],"version-history":[{"count":3,"href":"https:\/\/mitue.de\/index.php?rest_route=\/wp\/v2\/posts\/2756\/revisions"}],"predecessor-version":[{"id":2760,"href":"https:\/\/mitue.de\/index.php?rest_route=\/wp\/v2\/posts\/2756\/revisions\/2760"}],"wp:attachment":[{"href":"https:\/\/mitue.de\/index.php?rest_route=%2Fwp%2Fv2%2Fmedia&parent=2756"}],"wp:term":[{"taxonomy":"category","embeddable":true,"href":"https:\/\/mitue.de\/index.php?rest_route=%2Fwp%2Fv2%2Fcategories&post=2756"},{"taxonomy":"post_tag","embeddable":true,"href":"https:\/\/mitue.de\/index.php?rest_route=%2Fwp%2Fv2%2Ftags&post=2756"}],"curies":[{"name":"wp","href":"https:\/\/api.w.org\/{rel}","templated":true}]}}