{"id":277,"date":"2008-12-02T18:51:38","date_gmt":"2008-12-02T17:51:38","guid":{"rendered":"http:\/\/mitue.de\/?p=277"},"modified":"2008-12-02T20:06:53","modified_gmt":"2008-12-02T19:06:53","slug":"die-gedenktafeln-am-nicolaihaus","status":"publish","type":"post","link":"https:\/\/mitue.de\/?p=277","title":{"rendered":"Die Gedenktafeln am Nicolaihaus"},"content":{"rendered":"<blockquote><p>&#8222;Der Buchh\u00e4ndler <a href=\"http:\/\/de.wikipedia.org\/wiki\/Friedrich_Nicolai\">Christoph Friedrich Nicolai<\/a> &#8211; bewundert viel und viel gescholten &#8211; hat [im <a href=\"http:\/\/de.wikipedia.org\/wiki\/Nicolaihaus\">Haus Br\u00fcderstr. 13<\/a>] allerlei Kluges und leider noch weit mehr pedantisch Dummes geschrieben und verlegt, und im Sommer 1811 sang hier der zwanzigj\u00e4hrige Bergakademiker Theodor K\u00f6rner seine Lieder. Erinnerungstafeln schm\u00fccken die Front des Hauses, und die Stadt Berlin, die sie gestiftet, unterscheidet mit feiner Dialektik den Dichter vom Philister: Dieser ,wohnte und wirkte&#8216;, jener ,weilte und dichtete&#8216; hier.&#8220;<br \/>\nDas schrieb mein berlinischer Wegbereiter <a href=\"http:\/\/de.wikipedia.org\/wiki\/Adolf_Heilborn\">Adolf Heilborn<\/a> vor 50 Jahren in seiner &#8222;Reise nach Berlin&#8220;.<br \/>\nSeitdem sind weitere Gedenktafeln hinzugekommen. F\u00fcr Christian Gottfried K\u00f6rner, Minna K\u00f6rner, geb. Stock -Theodors Eltern &#8211; und f\u00fcr die Malerin Dora Stock (Minnas Schwester), die 1815 bis 1828 hier wohnten, sowie f\u00fcr Elisa von der Recke und August Tiedge (1814\/15 im Hause). Am 11. Dezember 1958, dem 200. Geburtstag des Maurermeisters, Musikprofessors und Duzfreund Goethes, Carl Friedrich Zelter, wurde eine f\u00fcnfte Gedenktafel angebracht. Zelter war n\u00e4mlich oft Gast in dem aus der Zeit des ersten Preu\u00dfenk\u00f6nigs stammenden Hause, das er 1787 f\u00fcr den neuen Besitzer Nicolai umgebaut hatte.<\/p><\/blockquote>\n<p>So steht es in &#8222;Pomplun&#8217;s Grosses Berlin Buch&#8220;. Inzwischen gibt es noch eine sechste Gedenktafel f\u00fcr Ludwig Jonas, dem Prediger an der Nikolaikirche.<\/p>\n<p><a title=\"Carl Friedrich Zelter by mitue, on Flickr\" href=\"http:\/\/www.flickr.com\/photos\/mitue\/3070950313\/\"><img loading=\"lazy\" decoding=\"async\" src=\"http:\/\/farm4.static.flickr.com\/3224\/3070950313_cdb1b102b0.jpg\" border=\"0\" alt=\"Carl Friedrich Zelter\" width=\"500\" height=\"212\" \/><\/a><\/p>\n<p><a title=\"Theodor K\u00f6rner by mitue, on Flickr\" href=\"http:\/\/www.flickr.com\/photos\/mitue\/3070950737\/\"><img loading=\"lazy\" decoding=\"async\" src=\"http:\/\/farm4.static.flickr.com\/3194\/3070950737_3bc29e452d.jpg\" border=\"0\" alt=\"Theodor K\u00f6rner\" width=\"500\" height=\"169\" \/><\/a><\/p>\n<p><a title=\"Dora Stock by mitue, on Flickr\" href=\"http:\/\/www.flickr.com\/photos\/mitue\/3071787590\/\"><img loading=\"lazy\" decoding=\"async\" src=\"http:\/\/farm4.static.flickr.com\/3065\/3071787590_026d7bcb7e.jpg\" border=\"0\" alt=\"Dora Stock\" width=\"500\" height=\"175\" \/><\/a><\/p>\n<p><a title=\"Friedrich Nicolai by mitue, on Flickr\" href=\"http:\/\/www.flickr.com\/photos\/mitue\/3070951759\/\"><img loading=\"lazy\" decoding=\"async\" src=\"http:\/\/farm4.static.flickr.com\/3074\/3070951759_046b553d94.jpg\" border=\"0\" alt=\"Friedrich Nicolai\" width=\"500\" height=\"158\" \/><\/a><\/p>\n<p><a title=\"Elisa von der Recke by mitue, on Flickr\" href=\"http:\/\/www.flickr.com\/photos\/mitue\/3071788526\/\"><img loading=\"lazy\" decoding=\"async\" src=\"http:\/\/farm4.static.flickr.com\/3291\/3071788526_024df31e91.jpg\" border=\"0\" alt=\"Elisa von der Recke\" width=\"500\" height=\"162\" \/><\/a><\/p>\n<p><a title=\"Ludwig Jonas by mitue, on Flickr\" href=\"http:\/\/www.flickr.com\/photos\/mitue\/3071788914\/\"><img loading=\"lazy\" decoding=\"async\" src=\"http:\/\/farm4.static.flickr.com\/3181\/3071788914_3c15e19a9d.jpg\" border=\"0\" alt=\"Ludwig Jonas\" width=\"500\" height=\"183\" \/><\/a><\/p>\n<p>Im M\u00e4rkischen Dichtergarten gibt es ein interessantes, von <a href=\"http:\/\/de.wikipedia.org\/wiki\/G%C3%BCnter_de_Bruyn\">G\u00fcnter de Bruyn<\/a> herausgegebenes B\u00fcchlein zu Friedrich Nicolai. Darin Nicolais Roman <em>Vertraute Briefe<\/em> und die Goethe-Parodie <a href=\"http:\/\/de.wikipedia.org\/wiki\/Freuden_des_jungen_Werthers\"><em>Freuden des jungen Werthers<\/em><\/a>.<br \/>\nSehr sch\u00f6n auch die von de Bruyn zusammengestellten zeitgen\u00f6ssischen Nicolai-Schm\u00e4hungen, darunter Goethes Antwort:<\/p>\n<blockquote><p><em>Freuden des jungen Werthers<\/em><\/p>\n<p>Ein junger Mensch, ich wei\u00df nicht,<br \/>\nStarb einst an der Hypochondrie<br \/>\nUnd ward dann auch begraben.<br \/>\nDa kam ein sch\u00f6ner Geist herbei,<br \/>\nder hatte seinen Stuhlgang frei,<br \/>\nWie&#8217;s denn so Leute haben.<br \/>\nDer setzt notd\u00fcrftig sich aufs Grab<br \/>\nUnd legte da sein H\u00e4uflein ab,<br \/>\nBeschaute freundlich seinen Dreck,<br \/>\nGing wohl eratmet wieder weg<br \/>\nUnd sprach zu sich bed\u00e4chtiglich:<br \/>\n&#8222;Der gute Mensch, wie hat er sich verdorben!<br \/>\nH\u00e4tt&#8216; er geschissen so wie ich,<br \/>\nEr w\u00e4re nicht gestorben!&#8220;<\/p><\/blockquote>\n","protected":false},"excerpt":{"rendered":"<p>&#8222;Der Buchh\u00e4ndler Christoph Friedrich Nicolai &#8211; bewundert viel und viel gescholten &#8211; hat [im Haus Br\u00fcderstr. 13] allerlei Kluges und leider noch weit mehr pedantisch Dummes geschrieben und verlegt, und im Sommer 1811 sang hier der zwanzigj\u00e4hrige Bergakademiker Theodor K\u00f6rner seine Lieder. Erinnerungstafeln schm\u00fccken die Front des Hauses, und die Stadt Berlin, die sie gestiftet, [&hellip;]<\/p>\n","protected":false},"author":1,"featured_media":0,"comment_status":"open","ping_status":"open","sticky":false,"template":"","format":"standard","meta":{"footnotes":""},"categories":[4],"tags":[101],"class_list":["post-277","post","type-post","status-publish","format-standard","hentry","category-berlin","tag-bruderstrase"],"_links":{"self":[{"href":"https:\/\/mitue.de\/index.php?rest_route=\/wp\/v2\/posts\/277","targetHints":{"allow":["GET"]}}],"collection":[{"href":"https:\/\/mitue.de\/index.php?rest_route=\/wp\/v2\/posts"}],"about":[{"href":"https:\/\/mitue.de\/index.php?rest_route=\/wp\/v2\/types\/post"}],"author":[{"embeddable":true,"href":"https:\/\/mitue.de\/index.php?rest_route=\/wp\/v2\/users\/1"}],"replies":[{"embeddable":true,"href":"https:\/\/mitue.de\/index.php?rest_route=%2Fwp%2Fv2%2Fcomments&post=277"}],"version-history":[{"count":0,"href":"https:\/\/mitue.de\/index.php?rest_route=\/wp\/v2\/posts\/277\/revisions"}],"wp:attachment":[{"href":"https:\/\/mitue.de\/index.php?rest_route=%2Fwp%2Fv2%2Fmedia&parent=277"}],"wp:term":[{"taxonomy":"category","embeddable":true,"href":"https:\/\/mitue.de\/index.php?rest_route=%2Fwp%2Fv2%2Fcategories&post=277"},{"taxonomy":"post_tag","embeddable":true,"href":"https:\/\/mitue.de\/index.php?rest_route=%2Fwp%2Fv2%2Ftags&post=277"}],"curies":[{"name":"wp","href":"https:\/\/api.w.org\/{rel}","templated":true}]}}