{"id":2802,"date":"2012-06-09T20:33:56","date_gmt":"2012-06-09T19:33:56","guid":{"rendered":"http:\/\/mitue.de\/?p=2802"},"modified":"2012-06-09T20:33:56","modified_gmt":"2012-06-09T19:33:56","slug":"7-berlin-biennale-peace-wall","status":"publish","type":"post","link":"https:\/\/mitue.de\/?p=2802","title":{"rendered":"7. Berlin Biennale &#8211; Peace Wall"},"content":{"rendered":"<blockquote><p>Die K\u00fcnstlerin Nada Prlja installierte die schwarze Mauer, deren R\u00fcckseite mit Wellblech verkleidet ist, im Rahmen der Berlin Biennale in Sichtweite des alten Grenz\u00fcbergangs.<br \/>\nDie Mauer ist nicht nur irritierendes Kunstwerk, sondern auch politisches Statement: \u00abIn der Friedrichstra\u00dfe manifestiert sich die Teilung von Arm und Reich in der Stadt\u00bb, sagte der Sprecher der Biennale, Denhart von Harling. Das Kunstwerk wird noch bis zum Ende der Biennale am 1. Juli die Stra\u00dfe teilen.<br \/>\n(<a href=\"http:\/\/www.news.de\/medien\/855305845\/neue-mauer-in-berlin\/1\/\">hier<\/a>)\n<\/p><\/blockquote>\n<p><a href=\"http:\/\/www.flickr.com\/photos\/mitue\/7355206266\/\" title=\"Peace Wall von mitue bei Flickr\"><img loading=\"lazy\" decoding=\"async\" src=\"http:\/\/farm9.staticflickr.com\/8010\/7355206266_ca12179359.jpg\" width=\"500\" height=\"333\" alt=\"Peace Wall\"><\/a><\/p>\n<blockquote><p>Nach Protesten von Anwohnern wird die umstrittene Kunstmauer quer \u00fcber die Berliner Friedrichstra\u00dfe vorzeitig abgebaut. (<a href=\"http:\/\/www.rbb-online.de\/nachrichten\/kultur\/2012_06\/umstrittene_mauer.html\">hier<\/a>)<\/p><\/blockquote>\n<p><a href=\"http:\/\/www.flickr.com\/photos\/mitue\/7169987961\/\" title=\"Peace Wall von mitue bei Flickr\"><img loading=\"lazy\" decoding=\"async\" src=\"http:\/\/farm8.staticflickr.com\/7213\/7169987961_1864d432c8.jpg\" width=\"500\" height=\"333\" alt=\"Peace Wall\"><\/a><\/p>\n","protected":false},"excerpt":{"rendered":"<p>Die K\u00fcnstlerin Nada Prlja installierte die schwarze Mauer, deren R\u00fcckseite mit Wellblech verkleidet ist, im Rahmen der Berlin Biennale in Sichtweite des alten Grenz\u00fcbergangs. Die Mauer ist nicht nur irritierendes Kunstwerk, sondern auch politisches Statement: \u00abIn der Friedrichstra\u00dfe manifestiert sich die Teilung von Arm und Reich in der Stadt\u00bb, sagte der Sprecher der Biennale, Denhart [&hellip;]<\/p>\n","protected":false},"author":1,"featured_media":0,"comment_status":"open","ping_status":"closed","sticky":false,"template":"","format":"standard","meta":{"footnotes":""},"categories":[5],"tags":[37],"class_list":["post-2802","post","type-post","status-publish","format-standard","hentry","category-ausstellungen","tag-berlin-biennale"],"_links":{"self":[{"href":"https:\/\/mitue.de\/index.php?rest_route=\/wp\/v2\/posts\/2802","targetHints":{"allow":["GET"]}}],"collection":[{"href":"https:\/\/mitue.de\/index.php?rest_route=\/wp\/v2\/posts"}],"about":[{"href":"https:\/\/mitue.de\/index.php?rest_route=\/wp\/v2\/types\/post"}],"author":[{"embeddable":true,"href":"https:\/\/mitue.de\/index.php?rest_route=\/wp\/v2\/users\/1"}],"replies":[{"embeddable":true,"href":"https:\/\/mitue.de\/index.php?rest_route=%2Fwp%2Fv2%2Fcomments&post=2802"}],"version-history":[{"count":1,"href":"https:\/\/mitue.de\/index.php?rest_route=\/wp\/v2\/posts\/2802\/revisions"}],"predecessor-version":[{"id":2803,"href":"https:\/\/mitue.de\/index.php?rest_route=\/wp\/v2\/posts\/2802\/revisions\/2803"}],"wp:attachment":[{"href":"https:\/\/mitue.de\/index.php?rest_route=%2Fwp%2Fv2%2Fmedia&parent=2802"}],"wp:term":[{"taxonomy":"category","embeddable":true,"href":"https:\/\/mitue.de\/index.php?rest_route=%2Fwp%2Fv2%2Fcategories&post=2802"},{"taxonomy":"post_tag","embeddable":true,"href":"https:\/\/mitue.de\/index.php?rest_route=%2Fwp%2Fv2%2Ftags&post=2802"}],"curies":[{"name":"wp","href":"https:\/\/api.w.org\/{rel}","templated":true}]}}