{"id":285,"date":"2008-12-13T18:34:28","date_gmt":"2008-12-13T17:34:28","guid":{"rendered":"http:\/\/mitue.de\/?p=285"},"modified":"2008-12-13T18:58:48","modified_gmt":"2008-12-13T17:58:48","slug":"ganseliesel","status":"publish","type":"post","link":"https:\/\/mitue.de\/?p=285","title":{"rendered":"G\u00e4nseliesel"},"content":{"rendered":"<p><a title=\"G\u00e4nseliesel by mitue, on Flickr\" href=\"http:\/\/www.flickr.com\/photos\/mitue\/3105145714\/\"><img loading=\"lazy\" decoding=\"async\" src=\"http:\/\/farm4.static.flickr.com\/3242\/3105145714_1c4310d2ce.jpg\" border=\"0\" alt=\"G\u00e4nseliesel\" width=\"500\" height=\"316\" \/><\/a><br \/>\nG\u00e4nselieselbrunnen von <a href=\"http:\/\/de.wikipedia.org\/wiki\/Cuno_von_Uechtritz-Steinkirch\">Cuno von Uechtritz-Steinkirch<\/a><\/p>\n<blockquote><p>Es war einmal eine arme junge Magd von Liebreiz, Anmut und Ebenma\u00df. Sie wurde von jedermann G\u00e4nseliesel gerufen, weil sie bei einem Grafen in Diensten stand, dessen G\u00e4nse sie h\u00fctete. Der Graf lebte mit seiner Familie auf einer herrschaftlichen Burg, die ein edles Geschlecht vor langer Zeit errichten lie\u00df. Sie lag hoch oben \u00fcber einer fruchtbaren Ebene auf einem Berg. Ihr schlanker Turm ragte stolz in den Himmel hinauf und ihre wehrhaften Mauern hatten schon manchem Feind getrotzt.<br \/>\n(und <a href=\"http:\/\/www.gaenseliesel-maerchen.de\/maerchen.htm\">hier<\/a> geht es weiter, <em>Das G\u00e4nseliesel<\/em>, erdacht und aufgeschrieben von Hans-A. Piper)<\/p><\/blockquote>\n<p>Das ist die Geschichte des <a href=\"http:\/\/www.reiseland-niedersachsen.de\/kunst-kultur\/brauchtum\/gaenseliesel\/index.php\">G\u00f6ttinger G\u00e4nseliesels<\/a>.<br \/>\nIn Berlin erz\u00e4hlt man <a href=\"http:\/\/www.gaensemagd.de\/\">diese Geschichte<\/a> (Grimm!!!) und Falada habe ich auch entdeckt.<\/p>\n<p><a title=\"Sch\u00e4del by mitue, on Flickr\" href=\"http:\/\/www.flickr.com\/photos\/mitue\/3104314473\/\"><img loading=\"lazy\" decoding=\"async\" src=\"http:\/\/farm4.static.flickr.com\/3138\/3104314473_bab1899ca0.jpg\" border=\"0\" alt=\"Sch\u00e4del\" width=\"500\" height=\"320\" \/><\/a><br \/>\n<em>&#8222;O du Falada, da du hangest&#8220;<\/em>\u00a0 in der Fasanenstra\u00dfe<\/p>\n","protected":false},"excerpt":{"rendered":"<p>G\u00e4nselieselbrunnen von Cuno von Uechtritz-Steinkirch Es war einmal eine arme junge Magd von Liebreiz, Anmut und Ebenma\u00df. Sie wurde von jedermann G\u00e4nseliesel gerufen, weil sie bei einem Grafen in Diensten stand, dessen G\u00e4nse sie h\u00fctete. Der Graf lebte mit seiner Familie auf einer herrschaftlichen Burg, die ein edles Geschlecht vor langer Zeit errichten lie\u00df. Sie [&hellip;]<\/p>\n","protected":false},"author":1,"featured_media":0,"comment_status":"open","ping_status":"open","sticky":false,"template":"","format":"standard","meta":{"footnotes":""},"categories":[3],"tags":[105],"class_list":["post-285","post","type-post","status-publish","format-standard","hentry","category-kunst-im-offentlichen-raum","tag-skulptur-brunnen"],"_links":{"self":[{"href":"https:\/\/mitue.de\/index.php?rest_route=\/wp\/v2\/posts\/285","targetHints":{"allow":["GET"]}}],"collection":[{"href":"https:\/\/mitue.de\/index.php?rest_route=\/wp\/v2\/posts"}],"about":[{"href":"https:\/\/mitue.de\/index.php?rest_route=\/wp\/v2\/types\/post"}],"author":[{"embeddable":true,"href":"https:\/\/mitue.de\/index.php?rest_route=\/wp\/v2\/users\/1"}],"replies":[{"embeddable":true,"href":"https:\/\/mitue.de\/index.php?rest_route=%2Fwp%2Fv2%2Fcomments&post=285"}],"version-history":[{"count":0,"href":"https:\/\/mitue.de\/index.php?rest_route=\/wp\/v2\/posts\/285\/revisions"}],"wp:attachment":[{"href":"https:\/\/mitue.de\/index.php?rest_route=%2Fwp%2Fv2%2Fmedia&parent=285"}],"wp:term":[{"taxonomy":"category","embeddable":true,"href":"https:\/\/mitue.de\/index.php?rest_route=%2Fwp%2Fv2%2Fcategories&post=285"},{"taxonomy":"post_tag","embeddable":true,"href":"https:\/\/mitue.de\/index.php?rest_route=%2Fwp%2Fv2%2Ftags&post=285"}],"curies":[{"name":"wp","href":"https:\/\/api.w.org\/{rel}","templated":true}]}}