{"id":2915,"date":"2012-07-28T18:44:21","date_gmt":"2012-07-28T17:44:21","guid":{"rendered":"http:\/\/mitue.de\/?p=2915"},"modified":"2012-12-12T17:42:08","modified_gmt":"2012-12-12T16:42:08","slug":"karl-liebknecht-forum-in-potsdam","status":"publish","type":"post","link":"https:\/\/mitue.de\/?p=2915","title":{"rendered":"Karl-Liebknecht-Forum in Potsdam"},"content":{"rendered":"<p><a href=\"http:\/\/www.flickr.com\/photos\/mitue\/7663023996\/\" title=\"Karl-Liebknecht-Forum12 von mitue bei Flickr\"><img loading=\"lazy\" decoding=\"async\" src=\"http:\/\/farm9.staticflickr.com\/8153\/7663023996_db6a443c9b.jpg\" width=\"500\" height=\"333\" alt=\"Karl-Liebknecht-Forum12\"><\/a><\/p>\n<blockquote><p>Der Bau des <a href=\"http:\/\/www.potsdam-wiki.de\/index.php\/Karl-Liebknecht-Forum\">Karl-Liebknecht-Forums<\/a> begann 1979 nach einem Entwurf von M. Kranz, W. Funcke und B. Schwabe. Das Gedenken an Liebknecht, der 1912 in Potsdam zum Reichstagsabgeordneten gew\u00e4hlt worden war, sollte hier \u201ekeinen musealen Charakter haben, sondern durch die Verbindung bildk\u00fcnstlerischer, architektonischer und landschaftsgestalterischer Elemente lebendiger Bestandteil des Potsdamer Zentrums sein. In dieser Ehrung [sollte] sich aber auch ausdr\u00fccken, da\u00df die Ideen Liebknechts, des unerschrockenen K\u00e4mpfers gegen Militarismus und Krieg Wirklichkeit geworden sind.\u201c (H.-J. Giersberg \/ H. Knitter: Tourist Stadtf\u00fchrer Atlas Potsdam. Berlin \/ Leipzig 1978). Die Anlage befand sich hinter dem Ernst-Th\u00e4lmann-Stadion und bestand im wesentlichen aus zwei Teilen: <a href=\"http:\/\/www.flickr.com\/search\/?w=73114945@N00&#038;q=Karl-Liebknecht-Forum%20Potsdam\">der Plastik \u201eKarl Liebknecht \u2013 Herz und Flamme der Revolution\u201c von Th. Balden und einer Bildwand von K. H. K\u00fchn<\/a>, die von einer Reihe von Betonkollonaden und einer Stufenanlage zusammengefasst wurden.<br \/>\n(das ist dem Blog <a href=\"http:\/\/linkekunst.blogspot.de\/2007\/05\/potsdam-karl-liebknecht-forum.html\">Die Liebe und die Sowjetmacht<\/a> entnommen)\n<\/p><\/blockquote>\n<p><a href=\"http:\/\/www.flickr.com\/photos\/mitue\/7663035732\/\" title=\"Karl-Liebknecht-Forum10 von mitue bei Flickr\"><img loading=\"lazy\" decoding=\"async\" src=\"http:\/\/farm9.staticflickr.com\/8423\/7663035732_2588d22cef.jpg\" width=\"500\" height=\"333\" alt=\"Karl-Liebknecht-Forum10\"><\/a><\/p>\n<p><a href=\"http:\/\/www.flickr.com\/photos\/mitue\/7663051948\/\" title=\"Karl-Liebknecht-Forum07 von mitue bei Flickr\"><img loading=\"lazy\" decoding=\"async\" src=\"http:\/\/farm8.staticflickr.com\/7264\/7663051948_37c89cab57.jpg\" width=\"500\" height=\"333\" alt=\"Karl-Liebknecht-Forum07\"><\/a><\/p>\n","protected":false},"excerpt":{"rendered":"<p>Der Bau des Karl-Liebknecht-Forums begann 1979 nach einem Entwurf von M. Kranz, W. Funcke und B. Schwabe. Das Gedenken an Liebknecht, der 1912 in Potsdam zum Reichstagsabgeordneten gew\u00e4hlt worden war, sollte hier \u201ekeinen musealen Charakter haben, sondern durch die Verbindung bildk\u00fcnstlerischer, architektonischer und landschaftsgestalterischer Elemente lebendiger Bestandteil des Potsdamer Zentrums sein. In dieser Ehrung [sollte] [&hellip;]<\/p>\n","protected":false},"author":1,"featured_media":0,"comment_status":"open","ping_status":"closed","sticky":false,"template":"","format":"standard","meta":{"footnotes":""},"categories":[27],"tags":[79],"class_list":["post-2915","post","type-post","status-publish","format-standard","hentry","category-berliner-umgebung","tag-potsdam"],"_links":{"self":[{"href":"https:\/\/mitue.de\/index.php?rest_route=\/wp\/v2\/posts\/2915","targetHints":{"allow":["GET"]}}],"collection":[{"href":"https:\/\/mitue.de\/index.php?rest_route=\/wp\/v2\/posts"}],"about":[{"href":"https:\/\/mitue.de\/index.php?rest_route=\/wp\/v2\/types\/post"}],"author":[{"embeddable":true,"href":"https:\/\/mitue.de\/index.php?rest_route=\/wp\/v2\/users\/1"}],"replies":[{"embeddable":true,"href":"https:\/\/mitue.de\/index.php?rest_route=%2Fwp%2Fv2%2Fcomments&post=2915"}],"version-history":[{"count":2,"href":"https:\/\/mitue.de\/index.php?rest_route=\/wp\/v2\/posts\/2915\/revisions"}],"predecessor-version":[{"id":3164,"href":"https:\/\/mitue.de\/index.php?rest_route=\/wp\/v2\/posts\/2915\/revisions\/3164"}],"wp:attachment":[{"href":"https:\/\/mitue.de\/index.php?rest_route=%2Fwp%2Fv2%2Fmedia&parent=2915"}],"wp:term":[{"taxonomy":"category","embeddable":true,"href":"https:\/\/mitue.de\/index.php?rest_route=%2Fwp%2Fv2%2Fcategories&post=2915"},{"taxonomy":"post_tag","embeddable":true,"href":"https:\/\/mitue.de\/index.php?rest_route=%2Fwp%2Fv2%2Ftags&post=2915"}],"curies":[{"name":"wp","href":"https:\/\/api.w.org\/{rel}","templated":true}]}}