{"id":300,"date":"2009-01-04T17:16:46","date_gmt":"2009-01-04T16:16:46","guid":{"rendered":"http:\/\/mitue.de\/?p=300"},"modified":"2009-01-04T17:17:16","modified_gmt":"2009-01-04T16:17:16","slug":"humboldt-forum","status":"publish","type":"post","link":"https:\/\/mitue.de\/?p=300","title":{"rendered":"Humboldt-Forum"},"content":{"rendered":"<p><a title=\"Wettbewerb by mitue, on Flickr\" href=\"http:\/\/www.flickr.com\/photos\/mitue\/3167187218\/\"><img loading=\"lazy\" decoding=\"async\" src=\"http:\/\/farm2.static.flickr.com\/1054\/3167187218_78080ef8c9_o.jpg\" border=\"0\" alt=\"Wettbewerb\" width=\"500\" height=\"333\" \/><\/a><\/p>\n<p>Heute endet die Ausstellung der Wettbewerbsbeitr\u00e4ge zum <a href=\"http:\/\/www.humboldt-forum.de\/main\/\">Humboldt-Forum<\/a>. Jetzt ist es an der Zeit klarzustellen, dass der Wettbewerb nur ein Scherz war. Die Architekten sind leider alle auf die Vorgaben hereingefallen und haben tats\u00e4chlich die Schlossfassade einbezogen.<\/p>\n<p><a title=\"Wettbewerbsbeitrag by mitue, on Flickr\" href=\"http:\/\/www.flickr.com\/photos\/mitue\/3166354931\/\"><img loading=\"lazy\" decoding=\"async\" src=\"http:\/\/farm4.static.flickr.com\/3257\/3166354931_bbfa5b3121_o.jpg\" border=\"0\" alt=\"Wettbewerbsbeitrag\" width=\"500\" height=\"333\" \/><\/a><\/p>\n<p>Nun kann der echte Wettbewerb f\u00fcr ein modernes Humboldt-Forum beginnen, spektakul\u00e4re Architektur f\u00fcr eine aufregende Stadt.<\/p>\n","protected":false},"excerpt":{"rendered":"<p>Heute endet die Ausstellung der Wettbewerbsbeitr\u00e4ge zum Humboldt-Forum. Jetzt ist es an der Zeit klarzustellen, dass der Wettbewerb nur ein Scherz war. Die Architekten sind leider alle auf die Vorgaben hereingefallen und haben tats\u00e4chlich die Schlossfassade einbezogen. Nun kann der echte Wettbewerb f\u00fcr ein modernes Humboldt-Forum beginnen, spektakul\u00e4re Architektur f\u00fcr eine aufregende Stadt.<\/p>\n","protected":false},"author":1,"featured_media":0,"comment_status":"open","ping_status":"open","sticky":false,"template":"","format":"standard","meta":{"footnotes":""},"categories":[5],"tags":[11],"class_list":["post-300","post","type-post","status-publish","format-standard","hentry","category-ausstellungen","tag-architektur"],"_links":{"self":[{"href":"https:\/\/mitue.de\/index.php?rest_route=\/wp\/v2\/posts\/300","targetHints":{"allow":["GET"]}}],"collection":[{"href":"https:\/\/mitue.de\/index.php?rest_route=\/wp\/v2\/posts"}],"about":[{"href":"https:\/\/mitue.de\/index.php?rest_route=\/wp\/v2\/types\/post"}],"author":[{"embeddable":true,"href":"https:\/\/mitue.de\/index.php?rest_route=\/wp\/v2\/users\/1"}],"replies":[{"embeddable":true,"href":"https:\/\/mitue.de\/index.php?rest_route=%2Fwp%2Fv2%2Fcomments&post=300"}],"version-history":[{"count":0,"href":"https:\/\/mitue.de\/index.php?rest_route=\/wp\/v2\/posts\/300\/revisions"}],"wp:attachment":[{"href":"https:\/\/mitue.de\/index.php?rest_route=%2Fwp%2Fv2%2Fmedia&parent=300"}],"wp:term":[{"taxonomy":"category","embeddable":true,"href":"https:\/\/mitue.de\/index.php?rest_route=%2Fwp%2Fv2%2Fcategories&post=300"},{"taxonomy":"post_tag","embeddable":true,"href":"https:\/\/mitue.de\/index.php?rest_route=%2Fwp%2Fv2%2Ftags&post=300"}],"curies":[{"name":"wp","href":"https:\/\/api.w.org\/{rel}","templated":true}]}}