{"id":301,"date":"2009-01-05T18:54:47","date_gmt":"2009-01-05T17:54:47","guid":{"rendered":"http:\/\/mitue.de\/?p=301"},"modified":"2009-01-05T18:54:47","modified_gmt":"2009-01-05T17:54:47","slug":"politicalminimal","status":"publish","type":"post","link":"https:\/\/mitue.de\/?p=301","title":{"rendered":"Political\/Minimal"},"content":{"rendered":"<blockquote><p>MoMA-Kurator Klaus Biesenbach sieht die Krise des Kunstmarkts als Chance: In der Berliner Gruppenausstellung <a href=\"http:\/\/www.art-magazin.de\/kunst\/13207\/political_minimal_kunst_werke_berlin\">&#8222;Political\/Minimal&#8220;<\/a> zeigt er, dass Politkunst und formale Abstraktion keine Gegens\u00e4tze sein m\u00fcssen.<\/p><\/blockquote>\n<p><a href=\"http:\/\/www.arte.tv\/de\/Kultur-entdecken\/ARTE-Kultur\/TV-Programm\/2347222,CmC=2347226.html\">Eine F\u00fchrung<\/a> durch die Ausstellung mit dem Kurator Klaus Biesenbach.<\/p>\n<p><a title=\"K\u00e4fige by mitue, on Flickr\" href=\"http:\/\/www.flickr.com\/photos\/mitue\/3170458973\/\"><img loading=\"lazy\" decoding=\"async\" src=\"http:\/\/farm2.static.flickr.com\/1128\/3170458973_d87cd6d5d8.jpg\" border=\"0\" alt=\"K\u00e4fige\" width=\"500\" height=\"334\" \/><\/a><br \/>\nK\u00e4fige von <a href=\"http:\/\/www.saatchi-gallery.co.uk\/artists\/tom_burr.htm\">Tom Burr<\/a> im Hof der Kunstwerke<\/p>\n<p>2006 standen die beiden K\u00e4fige in der Mulackstra\u00dfe.<\/p>\n<p><a title=\"K\u00e4fig by mitue, on Flickr\" href=\"http:\/\/www.flickr.com\/photos\/mitue\/275434322\/\"><img loading=\"lazy\" decoding=\"async\" src=\"http:\/\/farm1.static.flickr.com\/110\/275434322_1479e296dc.jpg\" border=\"0\" alt=\"K\u00e4fig\" width=\"500\" height=\"380\" \/><\/a><br \/>\nMulackstra\u00dfe, Oktober 2006<\/p>\n","protected":false},"excerpt":{"rendered":"<p>MoMA-Kurator Klaus Biesenbach sieht die Krise des Kunstmarkts als Chance: In der Berliner Gruppenausstellung &#8222;Political\/Minimal&#8220; zeigt er, dass Politkunst und formale Abstraktion keine Gegens\u00e4tze sein m\u00fcssen. Eine F\u00fchrung durch die Ausstellung mit dem Kurator Klaus Biesenbach. K\u00e4fige von Tom Burr im Hof der Kunstwerke 2006 standen die beiden K\u00e4fige in der Mulackstra\u00dfe. Mulackstra\u00dfe, Oktober 2006<\/p>\n","protected":false},"author":1,"featured_media":0,"comment_status":"open","ping_status":"open","sticky":false,"template":"","format":"standard","meta":{"footnotes":""},"categories":[5],"tags":[112],"class_list":["post-301","post","type-post","status-publish","format-standard","hentry","category-ausstellungen","tag-kw"],"_links":{"self":[{"href":"https:\/\/mitue.de\/index.php?rest_route=\/wp\/v2\/posts\/301","targetHints":{"allow":["GET"]}}],"collection":[{"href":"https:\/\/mitue.de\/index.php?rest_route=\/wp\/v2\/posts"}],"about":[{"href":"https:\/\/mitue.de\/index.php?rest_route=\/wp\/v2\/types\/post"}],"author":[{"embeddable":true,"href":"https:\/\/mitue.de\/index.php?rest_route=\/wp\/v2\/users\/1"}],"replies":[{"embeddable":true,"href":"https:\/\/mitue.de\/index.php?rest_route=%2Fwp%2Fv2%2Fcomments&post=301"}],"version-history":[{"count":0,"href":"https:\/\/mitue.de\/index.php?rest_route=\/wp\/v2\/posts\/301\/revisions"}],"wp:attachment":[{"href":"https:\/\/mitue.de\/index.php?rest_route=%2Fwp%2Fv2%2Fmedia&parent=301"}],"wp:term":[{"taxonomy":"category","embeddable":true,"href":"https:\/\/mitue.de\/index.php?rest_route=%2Fwp%2Fv2%2Fcategories&post=301"},{"taxonomy":"post_tag","embeddable":true,"href":"https:\/\/mitue.de\/index.php?rest_route=%2Fwp%2Fv2%2Ftags&post=301"}],"curies":[{"name":"wp","href":"https:\/\/api.w.org\/{rel}","templated":true}]}}