{"id":3109,"date":"2012-11-05T18:50:18","date_gmt":"2012-11-05T17:50:18","guid":{"rendered":"http:\/\/mitue.de\/?p=3109"},"modified":"2012-11-05T18:50:18","modified_gmt":"2012-11-05T17:50:18","slug":"der-brunnen-mit-dem-schwarzen-wasser","status":"publish","type":"post","link":"https:\/\/mitue.de\/?p=3109","title":{"rendered":"Der Brunnen mit dem schwarzen Wasser"},"content":{"rendered":"<p align=\"left\">Denkmal f\u00fcr die im Nationalsozialismus ermordeten Sinti und Roma Europas <\/p>\n<p><a href=\"http:\/\/www.flickr.com\/photos\/mitue\/8158341873\/\" title=\"Denkmal1 von mitue bei Flickr\"><img loading=\"lazy\" decoding=\"async\" src=\"http:\/\/farm9.staticflickr.com\/8486\/8158341873_ec3e21fe16.jpg\" width=\"500\" height=\"333\" alt=\"Denkmal1\"><\/a><\/p>\n<blockquote><p>Dani Karavan hat sein Werk mit einem \u201eRitual\u201c verbunden: In der Mitte des Beckens ist eine Stele eingelassen, deren Dreiecksform, knapp den Wasserspiegel \u00fcberragend, an die Kennzeichnung der \u201eZigeuner\u201c in den Konzentrationslagern erinnert. T\u00e4glich zur Mittagszeit versinkt die Stele und taucht mit einer frischen Blume wieder auf. Ein (von einem Rom-Musiker eingespielter) Geigenton in wechselnden H\u00f6hen ist, mal mehr, mal weniger h\u00f6rbar, st\u00e4ndige Begleitung, ja Irritation. Wie beim Lesen der Texte samt der zahlreichen Namen der Konzentrationslager, die um das Becken herum in Feldsteinplatten eingemei\u00dfelt sind und deren Lesbarkeit sich je nach Lichteinfall ver\u00e4ndert, muss man die diversen Sinne aktivieren, um zu h\u00f6ren, zu sehen, genauer hinzuh\u00f6ren, genauer hinzusehen.<\/p><\/blockquote>\n<p><a href=\"http:\/\/www.flickr.com\/photos\/mitue\/8158337355\/\" title=\"Denkmal2 von mitue bei Flickr\"><img loading=\"lazy\" decoding=\"async\" src=\"http:\/\/farm8.staticflickr.com\/7132\/8158337355_1b9b6ac7ef.jpg\" width=\"500\" height=\"333\" alt=\"Denkmal2\"><\/a><\/p>\n<blockquote><p>In die Umrandung des Brunnens ist das Gedicht \u201eAuschwitz\u201c des Rom-Musikers und Triester Professors Santino Spinelli eingepr\u00e4gt. \u201eEin zerrissenes Herz \/ ohne Atem \/ ohne Worte \/ keine Tr\u00e4nen\u201c &#8211; in Deutsch, Englisch und Romanes.<br \/>\n(mehr <a href=\"http:\/\/www.faz.net\/aktuell\/feuilleton\/sinti-und-roma-mahnmal-ohne-atem-ohne-worte-11935528.html\">hier<\/a>)<\/p><\/blockquote>\n","protected":false},"excerpt":{"rendered":"<p>Denkmal f\u00fcr die im Nationalsozialismus ermordeten Sinti und Roma Europas Dani Karavan hat sein Werk mit einem \u201eRitual\u201c verbunden: In der Mitte des Beckens ist eine Stele eingelassen, deren Dreiecksform, knapp den Wasserspiegel \u00fcberragend, an die Kennzeichnung der \u201eZigeuner\u201c in den Konzentrationslagern erinnert. T\u00e4glich zur Mittagszeit versinkt die Stele und taucht mit einer frischen Blume [&hellip;]<\/p>\n","protected":false},"author":1,"featured_media":0,"comment_status":"open","ping_status":"closed","sticky":false,"template":"","format":"standard","meta":{"footnotes":""},"categories":[4],"tags":[53],"class_list":["post-3109","post","type-post","status-publish","format-standard","hentry","category-berlin","tag-denkmal"],"_links":{"self":[{"href":"https:\/\/mitue.de\/index.php?rest_route=\/wp\/v2\/posts\/3109","targetHints":{"allow":["GET"]}}],"collection":[{"href":"https:\/\/mitue.de\/index.php?rest_route=\/wp\/v2\/posts"}],"about":[{"href":"https:\/\/mitue.de\/index.php?rest_route=\/wp\/v2\/types\/post"}],"author":[{"embeddable":true,"href":"https:\/\/mitue.de\/index.php?rest_route=\/wp\/v2\/users\/1"}],"replies":[{"embeddable":true,"href":"https:\/\/mitue.de\/index.php?rest_route=%2Fwp%2Fv2%2Fcomments&post=3109"}],"version-history":[{"count":1,"href":"https:\/\/mitue.de\/index.php?rest_route=\/wp\/v2\/posts\/3109\/revisions"}],"predecessor-version":[{"id":3110,"href":"https:\/\/mitue.de\/index.php?rest_route=\/wp\/v2\/posts\/3109\/revisions\/3110"}],"wp:attachment":[{"href":"https:\/\/mitue.de\/index.php?rest_route=%2Fwp%2Fv2%2Fmedia&parent=3109"}],"wp:term":[{"taxonomy":"category","embeddable":true,"href":"https:\/\/mitue.de\/index.php?rest_route=%2Fwp%2Fv2%2Fcategories&post=3109"},{"taxonomy":"post_tag","embeddable":true,"href":"https:\/\/mitue.de\/index.php?rest_route=%2Fwp%2Fv2%2Ftags&post=3109"}],"curies":[{"name":"wp","href":"https:\/\/api.w.org\/{rel}","templated":true}]}}