{"id":3175,"date":"2013-01-04T16:25:17","date_gmt":"2013-01-04T15:25:17","guid":{"rendered":"http:\/\/mitue.de\/?p=3175"},"modified":"2013-01-04T19:23:18","modified_gmt":"2013-01-04T18:23:18","slug":"schinkels-berliner-bauten","status":"publish","type":"post","link":"https:\/\/mitue.de\/?p=3175","title":{"rendered":"Schinkels Berliner Bauten"},"content":{"rendered":"<p align=\"justify\">Ich wei\u00df, das Bild ist zwei Jahre alt und Weihnachten ist auch vorbei, aber anl\u00e4sslich meines Besuchs in der Ausstellung<br \/>\nKarl Friedrich Schinkel<br \/>\n<a href=\"http:\/\/www.schinkel-in-berlin.de\/\">Geschichte und Poesie<\/a><br \/>\nkann man es schon noch einmal zeigen.<\/p>\n<p><a title=\"Schinkel und der Weihnachtsmann von mitue bei Flickr\" href=\"http:\/\/www.flickr.com\/photos\/mitue\/5211299891\/\"><img loading=\"lazy\" decoding=\"async\" src=\"http:\/\/farm5.staticflickr.com\/4128\/5211299891_2029198634.jpg\" alt=\"Schinkel und der Weihnachtsmann\" width=\"500\" height=\"335\" \/><\/a><\/p>\n<p align=\"justify\">Das ist ja eine dieser Ausstellungen, wo man sich in eine Schlange einreihen muss, um hineinzukommen! Das ginge ja noch, aber auch in der Ausstellung muss man vor jeder kleinen Skizze warten, um einen Blick darauf werfen zu k\u00f6nnen. Und das am Freitag vormittag! Nichts f\u00fcr mich. Ich habe mir einen groben \u00dcberblick in den Ausstellungsr\u00e4umen am Kulturforum verschafft, den Katalog gekauft und schlendere jetzt ganz in Ruhe daheim im Sessel durch die Ausstellung.<\/p>\n<p><a title=\"Lesen im Katalog von mitue bei Flickr\" href=\"http:\/\/www.flickr.com\/photos\/mitue\/8346312186\/\"><img loading=\"lazy\" decoding=\"async\" src=\"http:\/\/farm9.staticflickr.com\/8216\/8346312186_d094213fca.jpg\" alt=\"Lesen im Katalog\" width=\"500\" height=\"333\" \/><\/a><\/p>\n<p align=\"left\">Hier einige von Schinkels Berliner Bauten:<\/p>\n<p><a title=\"friedrichwerder von mitue bei Flickr\" href=\"http:\/\/www.flickr.com\/photos\/mitue\/44778786\/\"><img loading=\"lazy\" decoding=\"async\" src=\"http:\/\/farm1.staticflickr.com\/33\/44778786_3d8ffbd9e4.jpg\" alt=\"friedrichwerder\" width=\"394\" height=\"500\" \/><\/a><br \/>\nFriedrichwerdersche Kirche (Foto vom September 2005, durch die Scheiben vom Palast der Republik fotografiert)<\/p>\n<p><a title=\"Altes Museum von mitue bei Flickr\" href=\"http:\/\/www.flickr.com\/photos\/mitue\/380813291\/\"><img loading=\"lazy\" decoding=\"async\" src=\"http:\/\/farm1.staticflickr.com\/165\/380813291_658b5505e1.jpg\" alt=\"Altes Museum\" width=\"500\" height=\"300\" \/><\/a><br \/>\nAltes Museum (Februar 2007)<\/p>\n<p><a title=\"Weihnachtsmarkt von mitue bei Flickr\" href=\"http:\/\/www.flickr.com\/photos\/mitue\/3065553649\/\"><img loading=\"lazy\" decoding=\"async\" src=\"http:\/\/farm4.staticflickr.com\/3158\/3065553649_342e122e9e.jpg\" alt=\"Weihnachtsmarkt\" width=\"500\" height=\"372\" \/><\/a><br \/>\nSchauspielhaus (November 2008)<\/p>\n<p><a title=\"Falsche Bauakademie und Trugbild vom Dom von mitue bei Flickr\" href=\"http:\/\/www.flickr.com\/photos\/mitue\/227249325\/\"><img loading=\"lazy\" decoding=\"async\" src=\"http:\/\/farm1.staticflickr.com\/66\/227249325_146cd028e5.jpg\" alt=\"Falsche Bauakademie und Trugbild vom Dom\" width=\"500\" height=\"284\" \/><\/a><br \/>\n(Falsche) Bauakademie (August 2006)<\/p>\n<p><a title=\"Bauakademie von mitue bei Flickr\" href=\"http:\/\/www.flickr.com\/photos\/mitue\/200842200\/\"><img loading=\"lazy\" decoding=\"async\" src=\"http:\/\/farm1.staticflickr.com\/63\/200842200_e3eaf35632.jpg\" alt=\"Bauakademie\" width=\"500\" height=\"413\" \/><\/a><br \/>\n(Echte) Details der Bauakademie am Schinkelpavillon (Juli 2006)<\/p>\n<p>\u00dcbrigens: In der ganzen Ausstellung kein Wort zu <a href=\"http:\/\/mitue.de\/?p=3149\">Schinkels Schuld<\/a>!<\/p>\n<p>&nbsp;<\/p>\n","protected":false},"excerpt":{"rendered":"<p>Ich wei\u00df, das Bild ist zwei Jahre alt und Weihnachten ist auch vorbei, aber anl\u00e4sslich meines Besuchs in der Ausstellung Karl Friedrich Schinkel Geschichte und Poesie kann man es schon noch einmal zeigen. Das ist ja eine dieser Ausstellungen, wo man sich in eine Schlange einreihen muss, um hineinzukommen! Das ginge ja noch, aber auch [&hellip;]<\/p>\n","protected":false},"author":1,"featured_media":0,"comment_status":"open","ping_status":"closed","sticky":false,"template":"","format":"standard","meta":{"footnotes":""},"categories":[5],"tags":[527],"class_list":["post-3175","post","type-post","status-publish","format-standard","hentry","category-ausstellungen","tag-karl-friedrich-schinkel"],"_links":{"self":[{"href":"https:\/\/mitue.de\/index.php?rest_route=\/wp\/v2\/posts\/3175","targetHints":{"allow":["GET"]}}],"collection":[{"href":"https:\/\/mitue.de\/index.php?rest_route=\/wp\/v2\/posts"}],"about":[{"href":"https:\/\/mitue.de\/index.php?rest_route=\/wp\/v2\/types\/post"}],"author":[{"embeddable":true,"href":"https:\/\/mitue.de\/index.php?rest_route=\/wp\/v2\/users\/1"}],"replies":[{"embeddable":true,"href":"https:\/\/mitue.de\/index.php?rest_route=%2Fwp%2Fv2%2Fcomments&post=3175"}],"version-history":[{"count":5,"href":"https:\/\/mitue.de\/index.php?rest_route=\/wp\/v2\/posts\/3175\/revisions"}],"predecessor-version":[{"id":3179,"href":"https:\/\/mitue.de\/index.php?rest_route=\/wp\/v2\/posts\/3175\/revisions\/3179"}],"wp:attachment":[{"href":"https:\/\/mitue.de\/index.php?rest_route=%2Fwp%2Fv2%2Fmedia&parent=3175"}],"wp:term":[{"taxonomy":"category","embeddable":true,"href":"https:\/\/mitue.de\/index.php?rest_route=%2Fwp%2Fv2%2Fcategories&post=3175"},{"taxonomy":"post_tag","embeddable":true,"href":"https:\/\/mitue.de\/index.php?rest_route=%2Fwp%2Fv2%2Ftags&post=3175"}],"curies":[{"name":"wp","href":"https:\/\/api.w.org\/{rel}","templated":true}]}}