{"id":326,"date":"2009-02-22T19:18:55","date_gmt":"2009-02-22T18:18:55","guid":{"rendered":"http:\/\/mitue.de\/?p=326"},"modified":"2009-02-22T19:18:55","modified_gmt":"2009-02-22T18:18:55","slug":"all-about-my-mother","status":"publish","type":"post","link":"https:\/\/mitue.de\/?p=326","title":{"rendered":"All about my mother"},"content":{"rendered":"<p><a href=\"http:\/\/de.wikipedia.org\/wiki\/Peter_Doig\">Peter Doig<\/a> bei <a href=\"http:\/\/www.artnet.de\/gallery\/259\/contemporary-fine-arts.html\">Contemporary Fine Arts<\/a><\/p>\n<blockquote><p>Der Himmel brennt, in gl\u00fchendem Orange leuchtet er auf. Sterne flackern, Dunstw\u00e4nde wabern umher. Darunter ein Bergkamm mit schrundigen B\u00e4umen, in ihrer Struktur fast geisterhaft verdichtet. Atmosph\u00e4re mit ausblutender Farbe, die Textur gef\u00fchlig zerschmelzend oder raffiniert atomisiert, Effekte wie unter Salzs\u00e4ure oder durch eine psychedelisch getr\u00fcbte Brille, das Ganze voller Anleihen bei Munch oder Matisse &#8211; so kann heute kein Anderer malen.<br \/>\n(Sebastian Preuss <a href=\"http:\/\/www.berlinonline.de\/berliner-zeitung\/archiv\/.bin\/dump.fcgi\/2009\/0221\/feuilleton\/0034\/index.html\">hier<\/a> in der Berliner Zeitung)<\/p><\/blockquote>\n<p><a title=\"All about my mother by mitue, on Flickr\" href=\"http:\/\/www.flickr.com\/photos\/mitue\/3301052574\/\"><img loading=\"lazy\" decoding=\"async\" src=\"http:\/\/farm4.static.flickr.com\/3572\/3301052574_45bd02c261.jpg\" border=\"0\" alt=\"All about my mother\" width=\"500\" height=\"333\" \/><\/a><br \/>\nStudiofilmclub &#8211; <a href=\"http:\/\/de.wikipedia.org\/wiki\/Alles_%C3%BCber_meine_Mutter\">All about my mother<\/a><\/p>\n<blockquote><p>Zum ersten Mal sind jetzt &#8230; alle 140 Plakate vereint, die Doig f\u00fcr seinen w\u00f6chentlichen &#8222;Studiofilmclub&#8220; in Port of Spain malte.<\/p><\/blockquote>\n","protected":false},"excerpt":{"rendered":"<p>Peter Doig bei Contemporary Fine Arts Der Himmel brennt, in gl\u00fchendem Orange leuchtet er auf. Sterne flackern, Dunstw\u00e4nde wabern umher. Darunter ein Bergkamm mit schrundigen B\u00e4umen, in ihrer Struktur fast geisterhaft verdichtet. Atmosph\u00e4re mit ausblutender Farbe, die Textur gef\u00fchlig zerschmelzend oder raffiniert atomisiert, Effekte wie unter Salzs\u00e4ure oder durch eine psychedelisch getr\u00fcbte Brille, das Ganze [&hellip;]<\/p>\n","protected":false},"author":1,"featured_media":0,"comment_status":"open","ping_status":"open","sticky":false,"template":"","format":"standard","meta":{"footnotes":""},"categories":[5],"tags":[122],"class_list":["post-326","post","type-post","status-publish","format-standard","hentry","category-ausstellungen","tag-peter-doig"],"_links":{"self":[{"href":"https:\/\/mitue.de\/index.php?rest_route=\/wp\/v2\/posts\/326","targetHints":{"allow":["GET"]}}],"collection":[{"href":"https:\/\/mitue.de\/index.php?rest_route=\/wp\/v2\/posts"}],"about":[{"href":"https:\/\/mitue.de\/index.php?rest_route=\/wp\/v2\/types\/post"}],"author":[{"embeddable":true,"href":"https:\/\/mitue.de\/index.php?rest_route=\/wp\/v2\/users\/1"}],"replies":[{"embeddable":true,"href":"https:\/\/mitue.de\/index.php?rest_route=%2Fwp%2Fv2%2Fcomments&post=326"}],"version-history":[{"count":0,"href":"https:\/\/mitue.de\/index.php?rest_route=\/wp\/v2\/posts\/326\/revisions"}],"wp:attachment":[{"href":"https:\/\/mitue.de\/index.php?rest_route=%2Fwp%2Fv2%2Fmedia&parent=326"}],"wp:term":[{"taxonomy":"category","embeddable":true,"href":"https:\/\/mitue.de\/index.php?rest_route=%2Fwp%2Fv2%2Fcategories&post=326"},{"taxonomy":"post_tag","embeddable":true,"href":"https:\/\/mitue.de\/index.php?rest_route=%2Fwp%2Fv2%2Ftags&post=326"}],"curies":[{"name":"wp","href":"https:\/\/api.w.org\/{rel}","templated":true}]}}