{"id":3299,"date":"2013-02-22T18:59:39","date_gmt":"2013-02-22T17:59:39","guid":{"rendered":"http:\/\/mitue.de\/?p=3299"},"modified":"2013-02-22T19:23:15","modified_gmt":"2013-02-22T18:23:15","slug":"keine-fulle-ohne-kraftmeierei","status":"publish","type":"post","link":"https:\/\/mitue.de\/?p=3299","title":{"rendered":"Keine F\u00fclle ohne Kraftmeierei"},"content":{"rendered":"<p align=\"left\">Gestern wurde in der Berlinischen Galerie die Ausstellung<br \/>\n<a href=\"http:\/\/www.berliner-zeitung.de\/theater\/karl-horst-hoedicke-grossstadt-als-welttheater,10809198,21892278.html\">K. H. H\u00f6dicke<br \/>\nMalerei, Skulptur, Film<\/a><br \/>\ner\u00f6ffnet.<\/p>\n<p><a href=\"http:\/\/www.flickr.com\/photos\/mitue\/8497433551\/\" title=\"Gro\u00dfer Schlachter links von mitue bei Flickr\"><img loading=\"lazy\" decoding=\"async\" src=\"http:\/\/farm9.staticflickr.com\/8513\/8497433551_6c495f5e35.jpg\" width=\"219\" height=\"500\" alt=\"Gro\u00dfer Schlachter links\"><\/a> <a href=\"http:\/\/www.flickr.com\/photos\/mitue\/8497430803\/\" title=\"Gro\u00dfer Schlachter rechts von mitue bei Flickr\"><img loading=\"lazy\" decoding=\"async\" src=\"http:\/\/farm9.staticflickr.com\/8103\/8497430803_c97e4af1aa.jpg\" width=\"211\" height=\"500\" alt=\"Gro\u00dfer Schlachter rechts\"><\/a><\/p>\n<p>In der wunderbaren Fibel &#8222;Berliner Kunstst\u00fccke &#8211; Die Sammlung der Berlinischen Galerie&#8220; hat sich unter dem Adorno-Titel &#8222;Keine F\u00fclle ohne Kraftmeierei&#8220; F. W. Bernstein einen Vers auf das Triptychon <i>Gro\u00dfer Schlachter<\/i> von K. H. H\u00f6dicke gemacht.<\/p>\n<p>In der letzten vierten Strophe hei\u00dft es:<\/p>\n<blockquote><p>IV<br \/>\nEs braust H\u00f6dickes Moritat<br \/>\nauf dem Altar im Hochformat;<br \/>\ndas Triptychon gemahnt von fern<br \/>\nan Beckmax und an Morgenstern;<br \/>\nvon nahem eine helle Pracht<br \/>\nso roh und froh und ungeschlacht<br \/>\nund w\u00fcstes Wei\u00df zischt durch die Malerei.<\/p><\/blockquote>\n<p><a href=\"http:\/\/www.flickr.com\/photos\/mitue\/8498535250\/\" title=\"Gro\u00dfer Schlachter Mitte von mitue bei Flickr\"><img loading=\"lazy\" decoding=\"async\" src=\"http:\/\/farm9.staticflickr.com\/8528\/8498535250_1d825ec803.jpg\" width=\"366\" height=\"500\" alt=\"Gro\u00dfer Schlachter Mitte\"><\/a><\/p>\n","protected":false},"excerpt":{"rendered":"<p>Gestern wurde in der Berlinischen Galerie die Ausstellung K. H. H\u00f6dicke Malerei, Skulptur, Film er\u00f6ffnet. In der wunderbaren Fibel &#8222;Berliner Kunstst\u00fccke &#8211; Die Sammlung der Berlinischen Galerie&#8220; hat sich unter dem Adorno-Titel &#8222;Keine F\u00fclle ohne Kraftmeierei&#8220; F. W. Bernstein einen Vers auf das Triptychon Gro\u00dfer Schlachter von K. H. H\u00f6dicke gemacht. In der letzten vierten [&hellip;]<\/p>\n","protected":false},"author":1,"featured_media":0,"comment_status":"open","ping_status":"closed","sticky":false,"template":"","format":"standard","meta":{"footnotes":""},"categories":[5],"tags":[],"class_list":["post-3299","post","type-post","status-publish","format-standard","hentry","category-ausstellungen"],"_links":{"self":[{"href":"https:\/\/mitue.de\/index.php?rest_route=\/wp\/v2\/posts\/3299","targetHints":{"allow":["GET"]}}],"collection":[{"href":"https:\/\/mitue.de\/index.php?rest_route=\/wp\/v2\/posts"}],"about":[{"href":"https:\/\/mitue.de\/index.php?rest_route=\/wp\/v2\/types\/post"}],"author":[{"embeddable":true,"href":"https:\/\/mitue.de\/index.php?rest_route=\/wp\/v2\/users\/1"}],"replies":[{"embeddable":true,"href":"https:\/\/mitue.de\/index.php?rest_route=%2Fwp%2Fv2%2Fcomments&post=3299"}],"version-history":[{"count":5,"href":"https:\/\/mitue.de\/index.php?rest_route=\/wp\/v2\/posts\/3299\/revisions"}],"predecessor-version":[{"id":3304,"href":"https:\/\/mitue.de\/index.php?rest_route=\/wp\/v2\/posts\/3299\/revisions\/3304"}],"wp:attachment":[{"href":"https:\/\/mitue.de\/index.php?rest_route=%2Fwp%2Fv2%2Fmedia&parent=3299"}],"wp:term":[{"taxonomy":"category","embeddable":true,"href":"https:\/\/mitue.de\/index.php?rest_route=%2Fwp%2Fv2%2Fcategories&post=3299"},{"taxonomy":"post_tag","embeddable":true,"href":"https:\/\/mitue.de\/index.php?rest_route=%2Fwp%2Fv2%2Ftags&post=3299"}],"curies":[{"name":"wp","href":"https:\/\/api.w.org\/{rel}","templated":true}]}}