{"id":3315,"date":"2013-03-03T18:55:01","date_gmt":"2013-03-03T17:55:01","guid":{"rendered":"http:\/\/mitue.de\/?p=3315"},"modified":"2013-03-03T18:55:01","modified_gmt":"2013-03-03T17:55:01","slug":"ein-wochenende-in-erfurt-freitag","status":"publish","type":"post","link":"https:\/\/mitue.de\/?p=3315","title":{"rendered":"Ein Wochenende in Erfurt &#8211; Freitag"},"content":{"rendered":"<p><a href=\"http:\/\/www.flickr.com\/photos\/mitue\/8524254647\/\" title=\"Erfurt 001 von mitue bei Flickr\"><img loading=\"lazy\" decoding=\"async\" src=\"http:\/\/farm9.staticflickr.com\/8373\/8524254647_63be8b55f5.jpg\" width=\"500\" height=\"333\" alt=\"Erfurt 001\"><\/a><\/p>\n<p align=\"left\">Am Morgen haben wir uns so richtig Zeit gelassen. Sonne ist erst f\u00fcr den Nachmittag versprochen. Das ist ein gutes Zeichen f\u00fcr unseren Ausflug, denn trotz unseres \u00fcber den Winter ersch\u00fctterten Glaubens an das heliozentrische Weltsystem hat sich das Zentralgestirn heute laut Wetterbericht entschlossen hervorzukommen. Es will uns auf unserem Ausflug nach Erfurt fr\u00fchlingsgerecht leuchten. Heute ist der meteorologische Fr\u00fchlingsanfang, den habe ich am Vormittag noch ph\u00e4nomenologisch unterst\u00fctzt, indem ich ein Vogelh\u00e4uschen an der Pergola angebracht habe.<\/p>\n<p>Am Bahnhof S\u00fcdkreuz wird bekannt gegeben, dass unser Zug nach Leipzig von einem anderen Bahnsteig f\u00e4hrt. Leider vergisst man anzusagen, dass auch die Wagenreihung eine total andere ist.  Wir m\u00fcssen uns durch mehrere Waggons quetschen und pl\u00f6tzlich, unsere Pl\u00e4tze sind schon in Sichtweite, will die Schaffnerin in der gr\u00f6\u00dften Dr\u00e4ngelei die Fahrkarten sehen. Sie will uns nicht durchlassen, dabei bin ich frisch rasiert. Ich hoffe, ich muss mich an diesem Wochenende nicht oft so aufregen, sonst versagt mein Rasierwasser.<\/p>\n<p>Die Z\u00fcge sind immer gut gef\u00fcllt. Die Leute verreisen viel. Warum nehmen sie nicht ihr sch\u00f6nes Auto?<\/p>\n<p>Es ist jetzt 12.47 Uhr. Noch 15 Minuten bis Leipzig. Noch keine Sonne zu sehen. Wann beginnt der Nachmittag?<\/p>\n<p>Eine Frau hinter mir kauft einen Kaffee und wundert sich \u00fcber den Preis: &#8222;2,80\u20ac &#8211; das sind ja sechs Mark!&#8220;<\/p>\n<p>Der Zugwechsel hat geklappt, aber auch der Zug von Leipzig nach Wiesbaden \u00fcber Erfurt ist rappelvoll. Gut, dass wir Pl\u00e4tze reserviert haben.<\/p>\n<p>13.45 Uhr und es ist immer noch nicht nachmittags. Auf den Feldern sind Schneereste. Unser Zug n\u00e4hert sich Erfurt. Die Landschaft wird immer heller &#8230; immer mehr Schnee. Das war so nicht abgemacht. Sonne sollte die Landschaft erleuchten.<\/p>\n<p>&#8222;Im M\u00e4rz 1913 f\u00e4hrt Kafka tats\u00e4chlich zu Felice Bauer nach Berlin, sie versuchen zusammen spazieren zu gehen, doch es klappt nicht.&#8220; (aus: Florian Illies <a href=\"http:\/\/www.faz.net\/aktuell\/feuilleton\/buecher\/rezensionen\/sachbuch\/florian-illies-1913-hinterher-ist-vergessen-dass-man-vorher-nichts-wusste-11974552.html\">1913 &#8211; Der Sommer des Jahrhunderts<\/a>).<\/p>\n<p><a href=\"http:\/\/www.flickr.com\/photos\/mitue\/8525358360\/\" title=\"Erfurt 005 von mitue bei Flickr\"><img loading=\"lazy\" decoding=\"async\" src=\"http:\/\/farm9.staticflickr.com\/8103\/8525358360_f8036b7e93.jpg\" width=\"500\" height=\"333\" alt=\"Erfurt 005\"><\/a><\/p>\n<p>Im M\u00e4rz 2013 f\u00e4hrt MT mit GB nach Erfurt, sie versuchen schon am Anfangstag die Stadt zu erkunden, und es klappt. Allerdings haben sie sich am Freitag nur einen \u00dcberblick verschafft, es bleibt f\u00fcr das Wochenende noch viel zu tun.<\/p>\n<p>In einem Gasthaus am Wenigemarkt essen wir die ersten hausgemachten Th\u00fcringer Kl\u00f6\u00dfe. Die schmecken aber auch gut.<\/p>\n<p>Im Kunsthaus Erfurt stellen YEA aus. Yeah, <a href=\"http:\/\/www.kunsthaus-erfurt.de\/exhibitions\/yea\/\">YEA &#8211; Young Erfurt Artists<\/a>.<\/p>\n<p><a href=\"http:\/\/www.flickr.com\/photos\/mitue\/8524245707\/\" title=\"Erfurt 004 von mitue bei Flickr\"><img loading=\"lazy\" decoding=\"async\" src=\"http:\/\/farm9.staticflickr.com\/8106\/8524245707_dce22f555c.jpg\" width=\"500\" height=\"333\" alt=\"Erfurt 004\"><\/a><\/p>\n","protected":false},"excerpt":{"rendered":"<p>Am Morgen haben wir uns so richtig Zeit gelassen. Sonne ist erst f\u00fcr den Nachmittag versprochen. Das ist ein gutes Zeichen f\u00fcr unseren Ausflug, denn trotz unseres \u00fcber den Winter ersch\u00fctterten Glaubens an das heliozentrische Weltsystem hat sich das Zentralgestirn heute laut Wetterbericht entschlossen hervorzukommen. Es will uns auf unserem Ausflug nach Erfurt fr\u00fchlingsgerecht leuchten. [&hellip;]<\/p>\n","protected":false},"author":1,"featured_media":0,"comment_status":"open","ping_status":"closed","sticky":false,"template":"","format":"standard","meta":{"footnotes":""},"categories":[7],"tags":[536],"class_list":["post-3315","post","type-post","status-publish","format-standard","hentry","category-jwd","tag-erfurt"],"_links":{"self":[{"href":"https:\/\/mitue.de\/index.php?rest_route=\/wp\/v2\/posts\/3315","targetHints":{"allow":["GET"]}}],"collection":[{"href":"https:\/\/mitue.de\/index.php?rest_route=\/wp\/v2\/posts"}],"about":[{"href":"https:\/\/mitue.de\/index.php?rest_route=\/wp\/v2\/types\/post"}],"author":[{"embeddable":true,"href":"https:\/\/mitue.de\/index.php?rest_route=\/wp\/v2\/users\/1"}],"replies":[{"embeddable":true,"href":"https:\/\/mitue.de\/index.php?rest_route=%2Fwp%2Fv2%2Fcomments&post=3315"}],"version-history":[{"count":1,"href":"https:\/\/mitue.de\/index.php?rest_route=\/wp\/v2\/posts\/3315\/revisions"}],"predecessor-version":[{"id":3316,"href":"https:\/\/mitue.de\/index.php?rest_route=\/wp\/v2\/posts\/3315\/revisions\/3316"}],"wp:attachment":[{"href":"https:\/\/mitue.de\/index.php?rest_route=%2Fwp%2Fv2%2Fmedia&parent=3315"}],"wp:term":[{"taxonomy":"category","embeddable":true,"href":"https:\/\/mitue.de\/index.php?rest_route=%2Fwp%2Fv2%2Fcategories&post=3315"},{"taxonomy":"post_tag","embeddable":true,"href":"https:\/\/mitue.de\/index.php?rest_route=%2Fwp%2Fv2%2Ftags&post=3315"}],"curies":[{"name":"wp","href":"https:\/\/api.w.org\/{rel}","templated":true}]}}