{"id":3323,"date":"2013-03-07T19:10:18","date_gmt":"2013-03-07T18:10:18","guid":{"rendered":"http:\/\/mitue.de\/?p=3323"},"modified":"2013-03-07T19:10:18","modified_gmt":"2013-03-07T18:10:18","slug":"ein-wochenende-in-erfurt-sonntag","status":"publish","type":"post","link":"https:\/\/mitue.de\/?p=3323","title":{"rendered":"Ein Wochenende in Erfurt &#8211; Sonntag"},"content":{"rendered":"<p><a href=\"http:\/\/www.flickr.com\/photos\/mitue\/8537522268\/\" title=\"Erfurt 059 von mitue bei Flickr\"><img loading=\"lazy\" decoding=\"async\" src=\"http:\/\/farm9.staticflickr.com\/8505\/8537522268_f98e1d3a8e.jpg\" width=\"500\" height=\"333\" alt=\"Erfurt 059\"><\/a><\/p>\n<p><a href=\"http:\/\/www.flickr.com\/photos\/mitue\/8537524302\/\" title=\"Erfurt 058 von mitue bei Flickr\"><img loading=\"lazy\" decoding=\"async\" src=\"http:\/\/farm9.staticflickr.com\/8366\/8537524302_7992e2113f.jpg\" width=\"500\" height=\"333\" alt=\"Erfurt 058\"><\/a><\/p>\n<p align=\"left\">Fast w\u00e4re eine <a href=\"http:\/\/kunsthalle-erfurt.de\/ausstellungen\/archiv\">Fotoausstellung<\/a> zu unserem Verh\u00e4ngnis geworden.<\/p>\n<p>Wenn Gabi nicht gefragt h\u00e4tte, ob wir uns nicht ein wenig ausruhen k\u00f6nnten, w\u00e4re ich nicht auf die Idee gekommen, nach der Uhrzeit zu fragen. Nach der Uhrzeit musste ich fragen, weil ich nun schon seit Beginn meiner pers\u00f6nlichen Handyzeit &#8211; diese Zeitrechnung beginnt mit dem Kauf eines Smartphones vor ungef\u00e4hr f\u00fcnf Jahren &#8211; auf eine Armbanduhr verzichte. Der Armbanduhr war allerdings just zu diesem Zeitpunkt der Saft ausgegangen, so war die Umgew\u00f6hnung fast erzwungen.<br \/>\nMein Zeitmesser lagerte w\u00e4hrend des Besuchs der Fotoausstellung in einem Schlie\u00dffach der Kunsthalle Erfurt.<\/p>\n<p>Die Kunsthalle befindet sich gleich gegen\u00fcber dem <a href=\"http:\/\/mitue.de\/?p=3321\">Rathaus<\/a> und vom Rathaus bis zum Bahnhof ben\u00f6tigt man zu Fu\u00df ca. 15 Minuten, wenn man denn den Weg kennt. Aber das ist kein Problem f\u00fcr uns, denn die Erfurter Innenstadt kennen wir nach unseren gestrigen Spazierg\u00e4ngen topologisch genau.<br \/>\nAls Gabi auf meine Zeitanfrage antwortete, dass es kurz nach dreizehn Uhr sei, war es zwar Zeit die Ausstellung zu verlassen, aber noch lange kein Grund f\u00fcr hektische, unkontrollierte Aktivit\u00e4ten. Unser Zug fuhr ja erst in 30 Minuten.<\/p>\n<p>Wir haben es sogar geschafft, vor Abfahrt noch eine Original Th\u00fcringische Rostbratwurst zu essen. Die hat genau so geschmeckt wie die Original Th\u00fcringische Rostbratwurst, die es am Bahnhof Zoo gibt. Die Welt ist klein.<\/p>\n<p>Am Morgen haben wir gegen 9.30 Uhr das Hotel verlassen, sind zum Bahnhof gebummelt, haben dort den Koffer deponiert und hatten dann 3,5 Stunden Zeit, um uns noch die zwei Ausstellungen anzusehen, die wir uns noch ansehen wollten, um unseren Kunstausflug komplett zu machen. Zum einen wollten wir uns in der <a href=\"http:\/\/www.tlz.de\/startseite\/detail\/-\/specific\/Polarisierende-Geflechte-Die-Erfurter-Galerie-Waidspeicher-eroeffnet-zwei-Ausst-1332497491\">Galerie Waidspeicher<\/a> im Kulturhof zum G\u00fcldenen Kr\u00f6nbacken umsehen, zum anderen waren da noch die Foto-Ausstellungen in der Erfurter Kunsthalle (weiter am Textanfang).<\/p>\n<p><a href=\"http:\/\/www.flickr.com\/photos\/mitue\/8537557442\/\" title=\"Erfurt 071 von mitue bei Flickr\"><img loading=\"lazy\" decoding=\"async\" src=\"http:\/\/farm9.staticflickr.com\/8089\/8537557442_0ac9a764a7.jpg\" width=\"500\" height=\"180\" alt=\"Erfurt 071\"><\/a><\/p>\n<p><a href=\"http:\/\/www.flickr.com\/photos\/mitue\/8537559402\/\" title=\"Erfurt 070 von mitue bei Flickr\"><img loading=\"lazy\" decoding=\"async\" src=\"http:\/\/farm9.staticflickr.com\/8514\/8537559402_bc5d91cb37.jpg\" width=\"500\" height=\"333\" alt=\"Erfurt 070\"><\/a><\/p>\n","protected":false},"excerpt":{"rendered":"<p>Fast w\u00e4re eine Fotoausstellung zu unserem Verh\u00e4ngnis geworden. Wenn Gabi nicht gefragt h\u00e4tte, ob wir uns nicht ein wenig ausruhen k\u00f6nnten, w\u00e4re ich nicht auf die Idee gekommen, nach der Uhrzeit zu fragen. Nach der Uhrzeit musste ich fragen, weil ich nun schon seit Beginn meiner pers\u00f6nlichen Handyzeit &#8211; diese Zeitrechnung beginnt mit dem Kauf [&hellip;]<\/p>\n","protected":false},"author":1,"featured_media":0,"comment_status":"open","ping_status":"closed","sticky":false,"template":"","format":"standard","meta":{"footnotes":""},"categories":[7],"tags":[536],"class_list":["post-3323","post","type-post","status-publish","format-standard","hentry","category-jwd","tag-erfurt"],"_links":{"self":[{"href":"https:\/\/mitue.de\/index.php?rest_route=\/wp\/v2\/posts\/3323","targetHints":{"allow":["GET"]}}],"collection":[{"href":"https:\/\/mitue.de\/index.php?rest_route=\/wp\/v2\/posts"}],"about":[{"href":"https:\/\/mitue.de\/index.php?rest_route=\/wp\/v2\/types\/post"}],"author":[{"embeddable":true,"href":"https:\/\/mitue.de\/index.php?rest_route=\/wp\/v2\/users\/1"}],"replies":[{"embeddable":true,"href":"https:\/\/mitue.de\/index.php?rest_route=%2Fwp%2Fv2%2Fcomments&post=3323"}],"version-history":[{"count":1,"href":"https:\/\/mitue.de\/index.php?rest_route=\/wp\/v2\/posts\/3323\/revisions"}],"predecessor-version":[{"id":3324,"href":"https:\/\/mitue.de\/index.php?rest_route=\/wp\/v2\/posts\/3323\/revisions\/3324"}],"wp:attachment":[{"href":"https:\/\/mitue.de\/index.php?rest_route=%2Fwp%2Fv2%2Fmedia&parent=3323"}],"wp:term":[{"taxonomy":"category","embeddable":true,"href":"https:\/\/mitue.de\/index.php?rest_route=%2Fwp%2Fv2%2Fcategories&post=3323"},{"taxonomy":"post_tag","embeddable":true,"href":"https:\/\/mitue.de\/index.php?rest_route=%2Fwp%2Fv2%2Ftags&post=3323"}],"curies":[{"name":"wp","href":"https:\/\/api.w.org\/{rel}","templated":true}]}}