{"id":3325,"date":"2013-03-08T19:10:29","date_gmt":"2013-03-08T18:10:29","guid":{"rendered":"http:\/\/mitue.de\/?p=3325"},"modified":"2013-03-08T19:10:29","modified_gmt":"2013-03-08T18:10:29","slug":"ein-wochenende-in-erfurt-bachskulpturen","status":"publish","type":"post","link":"https:\/\/mitue.de\/?p=3325","title":{"rendered":"Ein Wochenende in Erfurt &#8211; Bachskulpturen"},"content":{"rendered":"<p><a href=\"http:\/\/www.flickr.com\/photos\/mitue\/8539030949\/\" title=\"BWV 2001 von mitue bei Flickr\"><img loading=\"lazy\" decoding=\"async\" src=\"http:\/\/farm9.staticflickr.com\/8090\/8539030949_c17f08f0c6.jpg\" width=\"500\" height=\"333\" alt=\"BWV 2001\"><\/a><\/p>\n<blockquote><p>Im Bachjahr 2000, das mit zahlreichen Veranstaltungen zum 250. Geburtstag des gro\u00dfen Komponisten begangen wurde, fand in Erfurt auch ein internationales Bildhauersymposium statt. Es widmete sich unter fach\u00fcbergreifendem Ansatz dem Thema &#8222;Struktur und Form in der Musik von Johann Sebastian Bach&#8220;. Die Ergebnisse dieses Symposiums sind heute in der Gr\u00fcnanlage vor der Martinsbastion der Zitadelle Petersberg zu bewundern.<br \/>\nAuch wenn die Kunstwerke dem Betrachter auf den ersten Blick nicht ihre Bestimmung preisgeben, schlie\u00dfen sie doch eine L\u00fccke in der hiesigen Erinnerungslandschaft. Denn es ist durchaus berechtigt, in Erfurt an Johann Sebastian Bach zu erinnern. Er stammte aus einer in der Region weit verzweigten Musikantenfamilie, sein Gro\u00dfvater Christoph wirkte von 1642 bis 1654 in Erfurt als Stadtmusikant, Bachs Vater Johann Ambrosius lebte bis 1671 in Erfurt und heiratete 1668 in der Kaufmannskirche die K\u00fcrschnermeistertochter Elisabeth L\u00e4mmerhirt, Bachs Mutter.<br \/>\nDie famili\u00e4ren Bande zu den Erfurter &#8222;Bachen&#8220; und Dienstgesch\u00e4fte f\u00fchrten J. S. Bach sp\u00e4ter zu Kurzbesuchen in die Stadt, unter anderem zur Abnahme der neuen Orgel in der Augustinerkirche 1716. Im \u00dcbrigen ist Herzog Johann Georg I. von Sachsen-Eisenach schuld daran, dass Bach kein geb\u00fcrtiger Erfurter geworden ist. Hatte er doch den Wunsch von Bachs Vater im Herbst 1684 abgelehnt, aus dem Hofdienst entlassen zu werden und wieder nach Erfurt als Stadtmusikant zur\u00fcckkehren zu d\u00fcrfen. (<a href=\"http:\/\/www.thueringer-naturbrief.de\/index.php?option=com_content&#038;task=view&#038;id=97&#038;Itemid=187#Bach-Skulpturen\">hier<\/a>)<\/p><\/blockquote>\n<p><a href=\"http:\/\/www.flickr.com\/photos\/mitue\/8539026605\/\" title=\"BACHsteine von mitue bei Flickr\"><img loading=\"lazy\" decoding=\"async\" src=\"http:\/\/farm9.staticflickr.com\/8242\/8539026605_3cd02caf4f.jpg\" width=\"500\" height=\"333\" alt=\"BACHsteine\"><\/a><\/p>\n<p><a href=\"http:\/\/www.flickr.com\/photos\/mitue\/8539028985\/\" title=\"Symphonie von mitue bei Flickr\"><img loading=\"lazy\" decoding=\"async\" src=\"http:\/\/farm9.staticflickr.com\/8512\/8539028985_e1d5a2da75.jpg\" width=\"500\" height=\"333\" alt=\"Symphonie\"><\/a><\/p>\n<p><a href=\"http:\/\/www.flickr.com\/photos\/mitue\/8540131002\/\" title=\"B*A*C*H von mitue bei Flickr\"><img loading=\"lazy\" decoding=\"async\" src=\"http:\/\/farm9.staticflickr.com\/8246\/8540131002_26213b2ca9.jpg\" width=\"500\" height=\"333\" alt=\"B*A*C*H\"><\/a><\/p>\n","protected":false},"excerpt":{"rendered":"<p>Im Bachjahr 2000, das mit zahlreichen Veranstaltungen zum 250. Geburtstag des gro\u00dfen Komponisten begangen wurde, fand in Erfurt auch ein internationales Bildhauersymposium statt. Es widmete sich unter fach\u00fcbergreifendem Ansatz dem Thema &#8222;Struktur und Form in der Musik von Johann Sebastian Bach&#8220;. Die Ergebnisse dieses Symposiums sind heute in der Gr\u00fcnanlage vor der Martinsbastion der Zitadelle [&hellip;]<\/p>\n","protected":false},"author":1,"featured_media":0,"comment_status":"open","ping_status":"closed","sticky":false,"template":"","format":"standard","meta":{"footnotes":""},"categories":[7],"tags":[536],"class_list":["post-3325","post","type-post","status-publish","format-standard","hentry","category-jwd","tag-erfurt"],"_links":{"self":[{"href":"https:\/\/mitue.de\/index.php?rest_route=\/wp\/v2\/posts\/3325","targetHints":{"allow":["GET"]}}],"collection":[{"href":"https:\/\/mitue.de\/index.php?rest_route=\/wp\/v2\/posts"}],"about":[{"href":"https:\/\/mitue.de\/index.php?rest_route=\/wp\/v2\/types\/post"}],"author":[{"embeddable":true,"href":"https:\/\/mitue.de\/index.php?rest_route=\/wp\/v2\/users\/1"}],"replies":[{"embeddable":true,"href":"https:\/\/mitue.de\/index.php?rest_route=%2Fwp%2Fv2%2Fcomments&post=3325"}],"version-history":[{"count":1,"href":"https:\/\/mitue.de\/index.php?rest_route=\/wp\/v2\/posts\/3325\/revisions"}],"predecessor-version":[{"id":3326,"href":"https:\/\/mitue.de\/index.php?rest_route=\/wp\/v2\/posts\/3325\/revisions\/3326"}],"wp:attachment":[{"href":"https:\/\/mitue.de\/index.php?rest_route=%2Fwp%2Fv2%2Fmedia&parent=3325"}],"wp:term":[{"taxonomy":"category","embeddable":true,"href":"https:\/\/mitue.de\/index.php?rest_route=%2Fwp%2Fv2%2Fcategories&post=3325"},{"taxonomy":"post_tag","embeddable":true,"href":"https:\/\/mitue.de\/index.php?rest_route=%2Fwp%2Fv2%2Ftags&post=3325"}],"curies":[{"name":"wp","href":"https:\/\/api.w.org\/{rel}","templated":true}]}}