{"id":3501,"date":"2013-06-27T18:34:06","date_gmt":"2013-06-27T17:34:06","guid":{"rendered":"http:\/\/mitue.de\/?p=3501"},"modified":"2013-07-01T18:18:07","modified_gmt":"2013-07-01T17:18:07","slug":"kathe-kollwitz","status":"publish","type":"post","link":"https:\/\/mitue.de\/?p=3501","title":{"rendered":"K\u00e4the Kollwitz"},"content":{"rendered":"<p align=\"left\">Kohl weiht <a href=\"http:\/\/www.welt.de\/regionales\/berlin\/article117487672\/Altkanzler-Kohl-weiht-Kollwitz-Bueste-ein.html\">Kollwitz-B\u00fcste<\/a> ein.<\/p>\n<p><a href=\"http:\/\/www.flickr.com\/photos\/mitue\/9153564550\/\" title=\"KK2 von mitue bei Flickr\"><img loading=\"lazy\" decoding=\"async\" src=\"http:\/\/farm6.staticflickr.com\/5441\/9153564550_aaa42c1653.jpg\" width=\"500\" height=\"333\" alt=\"KK2\"><\/a><\/p>\n<blockquote><p>Im Jahr 1922 setzte sie [K\u00e4the Kollwitz] den Totensch\u00e4del-Mond in das Dunkel \u00fcber gebeugten Kindern, die sich im Einklang mit den Millionen in Ketten gelegten Freiwilligen unseres Jahrhunderts in Kr\u00e4mpfen wanden; der Titel ist <i>Hunger<\/i>, und ich habe gelesen, dass dieses Bild, in einer schlechten Reproduktion aus einer antiquarischen Monografie, jahrzehntelang auf der Lauer lag wie eine Tretmine, mit dem einzigen Zweck, Schostakowitschs Tochter Galina zu erschrecken; eines Tages, als sie &#8230; die B\u00fccherst\u00e4nde an der Newa durchst\u00f6berte, ging die Mine hoch: Galina &#8230; \u00f6ffnete zuf\u00e4llig den Band &#8230;<br \/>\nDie Kraft des Bildes war so gro\u00df, dass sie einen Alptraum hatte, und am Morgen entdeckte ihr ber\u00fchmter Vater, gerade selbst von \u00c4ngsten geplagt, einen seltsamen Jammer in ihrem Gesicht, der ihn traf wie ein Schlag in den Magen; dieser Eindruck ging sp\u00e4ter, angemessen in den Akkord D-D-Sch \u00fcbersetzt, sowohl in seine 15. Sinfonie als auch in das gottlose Opus 110 ein.<br \/>\n(aus: William T. Vollmann &#8211; <a href=\"http:\/\/www.begleitschreiben.net\/william-t-vollmann-europe-central\/\">Europe Central<\/a>)<\/p><\/blockquote>\n","protected":false},"excerpt":{"rendered":"<p>Kohl weiht Kollwitz-B\u00fcste ein. Im Jahr 1922 setzte sie [K\u00e4the Kollwitz] den Totensch\u00e4del-Mond in das Dunkel \u00fcber gebeugten Kindern, die sich im Einklang mit den Millionen in Ketten gelegten Freiwilligen unseres Jahrhunderts in Kr\u00e4mpfen wanden; der Titel ist Hunger, und ich habe gelesen, dass dieses Bild, in einer schlechten Reproduktion aus einer antiquarischen Monografie, jahrzehntelang [&hellip;]<\/p>\n","protected":false},"author":1,"featured_media":0,"comment_status":"open","ping_status":"closed","sticky":false,"template":"","format":"standard","meta":{"footnotes":""},"categories":[4],"tags":[227],"class_list":["post-3501","post","type-post","status-publish","format-standard","hentry","category-berlin","tag-strase-der-erinnerung"],"_links":{"self":[{"href":"https:\/\/mitue.de\/index.php?rest_route=\/wp\/v2\/posts\/3501","targetHints":{"allow":["GET"]}}],"collection":[{"href":"https:\/\/mitue.de\/index.php?rest_route=\/wp\/v2\/posts"}],"about":[{"href":"https:\/\/mitue.de\/index.php?rest_route=\/wp\/v2\/types\/post"}],"author":[{"embeddable":true,"href":"https:\/\/mitue.de\/index.php?rest_route=\/wp\/v2\/users\/1"}],"replies":[{"embeddable":true,"href":"https:\/\/mitue.de\/index.php?rest_route=%2Fwp%2Fv2%2Fcomments&post=3501"}],"version-history":[{"count":2,"href":"https:\/\/mitue.de\/index.php?rest_route=\/wp\/v2\/posts\/3501\/revisions"}],"predecessor-version":[{"id":3513,"href":"https:\/\/mitue.de\/index.php?rest_route=\/wp\/v2\/posts\/3501\/revisions\/3513"}],"wp:attachment":[{"href":"https:\/\/mitue.de\/index.php?rest_route=%2Fwp%2Fv2%2Fmedia&parent=3501"}],"wp:term":[{"taxonomy":"category","embeddable":true,"href":"https:\/\/mitue.de\/index.php?rest_route=%2Fwp%2Fv2%2Fcategories&post=3501"},{"taxonomy":"post_tag","embeddable":true,"href":"https:\/\/mitue.de\/index.php?rest_route=%2Fwp%2Fv2%2Ftags&post=3501"}],"curies":[{"name":"wp","href":"https:\/\/api.w.org\/{rel}","templated":true}]}}