{"id":3581,"date":"2013-07-28T17:14:51","date_gmt":"2013-07-28T16:14:51","guid":{"rendered":"http:\/\/mitue.de\/?p=3581"},"modified":"2013-07-31T17:53:29","modified_gmt":"2013-07-31T16:53:29","slug":"esther-stocker","status":"publish","type":"post","link":"https:\/\/mitue.de\/?p=3581","title":{"rendered":"Esther Stocker"},"content":{"rendered":"<p align=\"left\">Esther Stocker ist mit einigen Arbeiten in der Ausstellung <a href=\"http:\/\/mitue.de\/?p=3578\">FARBE RAUM FARBE im Georg-Kolbe-Museum<\/a> dabei.<\/p>\n<p><a href=\"http:\/\/www.flickr.com\/photos\/mitue\/9386082730\/\" title=\"Stocker 4 von mitue bei Flickr\"><img loading=\"lazy\" decoding=\"async\" src=\"http:\/\/farm4.staticflickr.com\/3676\/9386082730_def6037aef.jpg\" width=\"500\" height=\"333\" alt=\"Stocker 4\"><\/a><\/p>\n<blockquote><p>Von der Fl\u00e4che hat sich die Malerin <a href=\"http:\/\/www.estherstocker.net\/\">Esther Stocker<\/a> (geb. 1974 in Schlanders, S\u00fcdtirol) immer wieder entfernt. Sei es mit ihren Bildern, die optisch Falten und Knicke zu verr\u00e4umlichen scheinen, aber nat\u00fcrlich auch mit ihren Installationen, bei denen sie die Abstraktion in den Realraum hob. Mit Bezug auf Kasimir Malewitschs Schwarzes Quadrat und die Tradition abstrakter Malerei arbeitet die K\u00fcnstlerin seit langem an den Grenzen zwischen Malerei, Raum und Objekt, die sie zugunsten ver\u00e4nderter Perspektiven stets aufs Neue verschiebt.<br \/>\n(mehr <a href=\"http:\/\/derstandard.at\/1363708309958\/Esther-Stocker-Modernistische-Knaeuel\">hier<\/a>)<\/p><\/blockquote>\n<p><a href=\"http:\/\/www.flickr.com\/photos\/mitue\/9386112650\/\" title=\"Esther Stocker 2 von mitue bei Flickr\"><img loading=\"lazy\" decoding=\"async\" src=\"http:\/\/farm4.staticflickr.com\/3738\/9386112650_8b35c70558.jpg\" width=\"500\" height=\"333\" alt=\"Esther Stocker 2\"><\/a><\/p>\n<p><a href=\"http:\/\/www.flickr.com\/photos\/mitue\/9383339565\/\" title=\"Esther Stocker 1 von mitue bei Flickr\"><img loading=\"lazy\" decoding=\"async\" src=\"http:\/\/farm4.staticflickr.com\/3727\/9383339565_07329fcfbf.jpg\" width=\"500\" height=\"333\" alt=\"Esther Stocker 1\"><\/a><\/p>\n<p align=\"left\"><a href=\"http:\/\/www.youtube.com\/watch?v=SwBNDwQb99Y\">Ester Stocker \u00fcber das Raster in der Kunst<\/a><br \/>\n<a href=\"http:\/\/www.thisiscolossal.com\/2012\/03\/geometric-rooms-by-esther-stocker\/\">Geometrische<\/a> <a href=\"http:\/\/laughingsquid.com\/geometric-installations-by-esther-stocker\/\">R\u00e4ume<\/a><\/p>\n","protected":false},"excerpt":{"rendered":"<p>Esther Stocker ist mit einigen Arbeiten in der Ausstellung FARBE RAUM FARBE im Georg-Kolbe-Museum dabei. Von der Fl\u00e4che hat sich die Malerin Esther Stocker (geb. 1974 in Schlanders, S\u00fcdtirol) immer wieder entfernt. Sei es mit ihren Bildern, die optisch Falten und Knicke zu verr\u00e4umlichen scheinen, aber nat\u00fcrlich auch mit ihren Installationen, bei denen sie die [&hellip;]<\/p>\n","protected":false},"author":1,"featured_media":0,"comment_status":"open","ping_status":"closed","sticky":false,"template":"","format":"standard","meta":{"footnotes":""},"categories":[5],"tags":[162],"class_list":["post-3581","post","type-post","status-publish","format-standard","hentry","category-ausstellungen","tag-georg-kolbe-museum"],"_links":{"self":[{"href":"https:\/\/mitue.de\/index.php?rest_route=\/wp\/v2\/posts\/3581","targetHints":{"allow":["GET"]}}],"collection":[{"href":"https:\/\/mitue.de\/index.php?rest_route=\/wp\/v2\/posts"}],"about":[{"href":"https:\/\/mitue.de\/index.php?rest_route=\/wp\/v2\/types\/post"}],"author":[{"embeddable":true,"href":"https:\/\/mitue.de\/index.php?rest_route=\/wp\/v2\/users\/1"}],"replies":[{"embeddable":true,"href":"https:\/\/mitue.de\/index.php?rest_route=%2Fwp%2Fv2%2Fcomments&post=3581"}],"version-history":[{"count":2,"href":"https:\/\/mitue.de\/index.php?rest_route=\/wp\/v2\/posts\/3581\/revisions"}],"predecessor-version":[{"id":3588,"href":"https:\/\/mitue.de\/index.php?rest_route=\/wp\/v2\/posts\/3581\/revisions\/3588"}],"wp:attachment":[{"href":"https:\/\/mitue.de\/index.php?rest_route=%2Fwp%2Fv2%2Fmedia&parent=3581"}],"wp:term":[{"taxonomy":"category","embeddable":true,"href":"https:\/\/mitue.de\/index.php?rest_route=%2Fwp%2Fv2%2Fcategories&post=3581"},{"taxonomy":"post_tag","embeddable":true,"href":"https:\/\/mitue.de\/index.php?rest_route=%2Fwp%2Fv2%2Ftags&post=3581"}],"curies":[{"name":"wp","href":"https:\/\/api.w.org\/{rel}","templated":true}]}}