{"id":3695,"date":"2013-09-14T17:22:00","date_gmt":"2013-09-14T16:22:00","guid":{"rendered":"http:\/\/mitue.de\/?p=3695"},"modified":"2013-09-14T17:22:00","modified_gmt":"2013-09-14T16:22:00","slug":"herbst-2","status":"publish","type":"post","link":"https:\/\/mitue.de\/?p=3695","title":{"rendered":"Herbst"},"content":{"rendered":"<p><a href=\"http:\/\/www.flickr.com\/photos\/mitue\/8039789921\/\" title=\"Herbst von mitue bei Flickr\"><img loading=\"lazy\" decoding=\"async\" src=\"http:\/\/farm9.staticflickr.com\/8179\/8039789921_7448bfeb6e.jpg\" width=\"500\" height=\"346\" alt=\"Herbst\"><\/a><\/p>\n<blockquote><p>VERFALL (Georg Trakl)<\/p>\n<p>Am Abend, wenn die Glocken Frieden l\u00e4uten,<br \/>\nFolg&#8216; ich der V\u00f6gel wundervollen Fl\u00fcgen,<br \/>\nDie lang geschart, gleich frommen Pilgerz\u00fcgen<br \/>\nEntschwinden in den herbstlich klaren Weiten.<\/p>\n<p>Hinwandelnd durch den nachtverschlo\u00dfnen Garten,<br \/>\nTr\u00e4um&#8216; ich nach ihren helleren Geschicken,<br \/>\nUnd f\u00fchl&#8216; der Stunden Weiser kaum mehr r\u00fccken &#8211;<br \/>\nSo folg&#8216; ich \u00fcber Wolken ihren Fahrten.<\/p>\n<p>Da macht ein Hauch mich von Verfall erzittern.<br \/>\nEin Vogel klagt in den entlaubten Zweigen<br \/>\nEs schwankt der rote Wein an rostigen Gittern,<\/p>\n<p>Indess&#8216; wie blasser Kinder Todesreigen,<br \/>\nUm dunkle Brunnenr\u00e4nder, die verwittern<br \/>\nIm Wind sich fr\u00f6stelnd fahle Astern neigen.\n<\/p><\/blockquote>\n<p><a href=\"http:\/\/www.flickr.com\/photos\/mitue\/6331802611\/\" title=\"Amsel von mitue bei Flickr\"><img loading=\"lazy\" decoding=\"async\" src=\"http:\/\/farm7.staticflickr.com\/6236\/6331802611_3879c519da.jpg\" width=\"500\" height=\"333\" alt=\"Amsel\"><\/a><\/p>\n","protected":false},"excerpt":{"rendered":"<p>VERFALL (Georg Trakl) Am Abend, wenn die Glocken Frieden l\u00e4uten, Folg&#8216; ich der V\u00f6gel wundervollen Fl\u00fcgen, Die lang geschart, gleich frommen Pilgerz\u00fcgen Entschwinden in den herbstlich klaren Weiten. Hinwandelnd durch den nachtverschlo\u00dfnen Garten, Tr\u00e4um&#8216; ich nach ihren helleren Geschicken, Und f\u00fchl&#8216; der Stunden Weiser kaum mehr r\u00fccken &#8211; So folg&#8216; ich \u00fcber Wolken ihren Fahrten. [&hellip;]<\/p>\n","protected":false},"author":1,"featured_media":0,"comment_status":"open","ping_status":"closed","sticky":false,"template":"","format":"standard","meta":{"footnotes":""},"categories":[4],"tags":[469,237],"class_list":["post-3695","post","type-post","status-publish","format-standard","hentry","category-berlin","tag-georg-trakl","tag-lyrik"],"_links":{"self":[{"href":"https:\/\/mitue.de\/index.php?rest_route=\/wp\/v2\/posts\/3695","targetHints":{"allow":["GET"]}}],"collection":[{"href":"https:\/\/mitue.de\/index.php?rest_route=\/wp\/v2\/posts"}],"about":[{"href":"https:\/\/mitue.de\/index.php?rest_route=\/wp\/v2\/types\/post"}],"author":[{"embeddable":true,"href":"https:\/\/mitue.de\/index.php?rest_route=\/wp\/v2\/users\/1"}],"replies":[{"embeddable":true,"href":"https:\/\/mitue.de\/index.php?rest_route=%2Fwp%2Fv2%2Fcomments&post=3695"}],"version-history":[{"count":1,"href":"https:\/\/mitue.de\/index.php?rest_route=\/wp\/v2\/posts\/3695\/revisions"}],"predecessor-version":[{"id":3696,"href":"https:\/\/mitue.de\/index.php?rest_route=\/wp\/v2\/posts\/3695\/revisions\/3696"}],"wp:attachment":[{"href":"https:\/\/mitue.de\/index.php?rest_route=%2Fwp%2Fv2%2Fmedia&parent=3695"}],"wp:term":[{"taxonomy":"category","embeddable":true,"href":"https:\/\/mitue.de\/index.php?rest_route=%2Fwp%2Fv2%2Fcategories&post=3695"},{"taxonomy":"post_tag","embeddable":true,"href":"https:\/\/mitue.de\/index.php?rest_route=%2Fwp%2Fv2%2Ftags&post=3695"}],"curies":[{"name":"wp","href":"https:\/\/api.w.org\/{rel}","templated":true}]}}