{"id":3723,"date":"2013-10-13T15:32:42","date_gmt":"2013-10-13T14:32:42","guid":{"rendered":"http:\/\/mitue.de\/?p=3723"},"modified":"2013-10-13T15:32:42","modified_gmt":"2013-10-13T14:32:42","slug":"zwei-wochen-in-lissabon-7","status":"publish","type":"post","link":"https:\/\/mitue.de\/?p=3723","title":{"rendered":"Zwei Wochen in Lissabon (7)"},"content":{"rendered":"<blockquote><p>Wenn man anf\u00e4ngt seinem Passfoto \u00e4hnlich zu sehen, sollte man Urlaub machen.<br \/>\n(Ephraim Kishon)<\/p><\/blockquote>\n<p><a href=\"http:\/\/www.flickr.com\/photos\/mitue\/10229398205\/\" title=\"Lisbon 115 von mitue bei Flickr\"><img loading=\"lazy\" decoding=\"async\" src=\"http:\/\/farm6.staticflickr.com\/5490\/10229398205_c03ffff0e5.jpg\" width=\"500\" height=\"361\" alt=\"Lisbon 115\"><\/a><\/p>\n<p align=\"left\">Der Wind gestern abend war nur ein Vorbote. Es hat die ganze Nacht gest\u00fcrmt, geregnet und gewittert. Eben habe ich eine Regenl\u00fccke genutzt, um Schrippen zu holen. Vor drei Tagen meinte die Wettervorhersage, heute k\u00f6nnte Sonnenschein sein, d.h. der heutige Langzeitwetterbericht braucht nicht ernst genommen zu werden. Danach zeigen sich die n\u00e4chsten Sonnenstrahlen erst wieder in einer Woche.<\/p>\n<p><a href=\"http:\/\/www.flickr.com\/photos\/mitue\/10229335836\/\" title=\"Lisbon 119 von mitue bei Flickr\"><img loading=\"lazy\" decoding=\"async\" src=\"http:\/\/farm8.staticflickr.com\/7416\/10229335836_6122eb04eb.jpg\" width=\"500\" height=\"368\" alt=\"Lisbon 119\"><\/a><\/p>\n<p align=\"left\">Um zehn Uhr haben wir bei leichtem Nieselregen das Haus verlassen, gegen 14.00 Uhr konnten wir uns zum Mittagessen ein Pl\u00e4tzchen in der Sonne suchen. Unseren f\u00fcr heute geplanten Ausflug nach Sintra haben wir verschoben. Noch haben wir einige Tage Zeit. <\/p>\n<p><a href=\"http:\/\/www.flickr.com\/photos\/mitue\/10229534193\/\" title=\"Lisbon 112 von mitue bei Flickr\"><img loading=\"lazy\" decoding=\"async\" src=\"http:\/\/farm4.staticflickr.com\/3800\/10229534193_f0ac15f77e.jpg\" width=\"500\" height=\"219\" alt=\"Lisbon 112\"><\/a><br \/>\nU-Bahnstation Sao Sebastiao<\/p>\n<p align=\"left\">Auf dem (Um-)Weg ins Centro de Arte Moderna (CAM) begegnete uns eine Botero-Mama mit Kind.<\/p>\n<p><a href=\"http:\/\/www.flickr.com\/photos\/mitue\/10229549853\/\" title=\"Lisbon 110 von mitue bei Flickr\"><img loading=\"lazy\" decoding=\"async\" src=\"http:\/\/farm8.staticflickr.com\/7353\/10229549853_75bb619358.jpg\" width=\"500\" height=\"344\" alt=\"Lisbon 110\"><\/a><\/p>\n<blockquote><p>Die Situationisten, eine Gruppe von K\u00fcnstlern und Intellektuellen der 1960er Jahre, interessierten sich f\u00fcr das subjektive Erleben von Raum. Sie empfahlen beispielsweise die Nutzung eines falschen Stadtplans, um sich an fremden Orten zu (des-)orientieren und damit unbekannte Umgebungen intensiver zu erleben.<br \/>\n(aus dem Faltblatt zu <a href=\"http:\/\/mitue.de\/?p=3719\">H\u00fcgel und Zweifel<\/a>)<\/p><\/blockquote>\n<p align=\"left\">Anl\u00e4sslich des 30. Jahrestags der Er\u00f6ffnung von CAM findet eine \u00dcberblicksschau zur portugiesischen Moderne statt (z.B. <a href=\"http:\/\/en.wikipedia.org\/wiki\/Eduardo_Viana\">Eduardo Viana<\/a>, <a href=\"http:\/\/en.wikipedia.org\/wiki\/Ant%C3%B3nio_Dacosta\">Ant\u00f3nio Dacosta<\/a>, <a href=\"http:\/\/de.wikipedia.org\/wiki\/Jos%C3%A9_Sobral_de_Almada_Negreiros\">Jos\u00e9 de Almada Negeiros<\/a>). Im Zentrum steht das Werk von <a href=\"http:\/\/de.wikipedia.org\/wiki\/Amadeo_de_Souza-Cardoso\">Amadeo de Souza-Cardoso<\/a>.<\/p>\n<p><a href=\"http:\/\/www.flickr.com\/photos\/mitue\/10246755496\/\" title=\"Abduction in a populated landscape von mitue bei Flickr\"><img loading=\"lazy\" decoding=\"async\" src=\"http:\/\/farm3.staticflickr.com\/2862\/10246755496_30f3678538.jpg\" width=\"500\" height=\"359\" alt=\"Abduction in a populated landscape\"><\/a><\/p>\n","protected":false},"excerpt":{"rendered":"<p>Wenn man anf\u00e4ngt seinem Passfoto \u00e4hnlich zu sehen, sollte man Urlaub machen. (Ephraim Kishon) Der Wind gestern abend war nur ein Vorbote. Es hat die ganze Nacht gest\u00fcrmt, geregnet und gewittert. Eben habe ich eine Regenl\u00fccke genutzt, um Schrippen zu holen. Vor drei Tagen meinte die Wettervorhersage, heute k\u00f6nnte Sonnenschein sein, d.h. der heutige Langzeitwetterbericht [&hellip;]<\/p>\n","protected":false},"author":1,"featured_media":0,"comment_status":"open","ping_status":"closed","sticky":false,"template":"","format":"standard","meta":{"footnotes":""},"categories":[7],"tags":[554],"class_list":["post-3723","post","type-post","status-publish","format-standard","hentry","category-jwd","tag-lissabon"],"_links":{"self":[{"href":"https:\/\/mitue.de\/index.php?rest_route=\/wp\/v2\/posts\/3723","targetHints":{"allow":["GET"]}}],"collection":[{"href":"https:\/\/mitue.de\/index.php?rest_route=\/wp\/v2\/posts"}],"about":[{"href":"https:\/\/mitue.de\/index.php?rest_route=\/wp\/v2\/types\/post"}],"author":[{"embeddable":true,"href":"https:\/\/mitue.de\/index.php?rest_route=\/wp\/v2\/users\/1"}],"replies":[{"embeddable":true,"href":"https:\/\/mitue.de\/index.php?rest_route=%2Fwp%2Fv2%2Fcomments&post=3723"}],"version-history":[{"count":1,"href":"https:\/\/mitue.de\/index.php?rest_route=\/wp\/v2\/posts\/3723\/revisions"}],"predecessor-version":[{"id":3724,"href":"https:\/\/mitue.de\/index.php?rest_route=\/wp\/v2\/posts\/3723\/revisions\/3724"}],"wp:attachment":[{"href":"https:\/\/mitue.de\/index.php?rest_route=%2Fwp%2Fv2%2Fmedia&parent=3723"}],"wp:term":[{"taxonomy":"category","embeddable":true,"href":"https:\/\/mitue.de\/index.php?rest_route=%2Fwp%2Fv2%2Fcategories&post=3723"},{"taxonomy":"post_tag","embeddable":true,"href":"https:\/\/mitue.de\/index.php?rest_route=%2Fwp%2Fv2%2Ftags&post=3723"}],"curies":[{"name":"wp","href":"https:\/\/api.w.org\/{rel}","templated":true}]}}