{"id":3736,"date":"2013-10-18T17:44:27","date_gmt":"2013-10-18T16:44:27","guid":{"rendered":"http:\/\/mitue.de\/?p=3736"},"modified":"2013-10-18T17:44:27","modified_gmt":"2013-10-18T16:44:27","slug":"meret-oppenheim","status":"publish","type":"post","link":"https:\/\/mitue.de\/?p=3736","title":{"rendered":"Meret Oppenheim"},"content":{"rendered":"<p align=\"left\"><a href=\"http:\/\/www.berlinerfestspiele.de\/de\/aktuell\/festivals\/gropiusbau\/programm_mgb\/mgb13_oppenheim\/ausstellung_oppenheim\/veranstaltungsdetail_55897.php\">Retrospektive im Martin-Gropius-Bau<\/a><\/p>\n<p><a href=\"http:\/\/www.flickr.com\/photos\/mitue\/10347285376\/\" title=\"Meret Oppenheim von mitue bei Flickr\"><img loading=\"lazy\" decoding=\"async\" src=\"http:\/\/farm8.staticflickr.com\/7392\/10347285376_b4731cae93.jpg\" width=\"500\" height=\"333\" alt=\"Meret Oppenheim\"><\/a><\/p>\n<blockquote><p>Ach, noch etwas: Sie ist die mit der Felltasse. Ja. Das kleine Objekt, das im Mai 1936, kaum zwei Wochen alt, von Alfred H. Barr, Direktor des New Yorker Museum of Modern Art, in einer Pariser Galerie aufgest\u00f6bert und weggekauft wurde und seitdem in Manhattan lebt, in einem Kasten aus Plexiglas, einsam bis auf die Gesellschaft kleiner wei\u00dfer Mottenkugeln. Le d\u00e9jeuner en fourrure. Porzellan, Gazellenfell. Ein fr\u00fches, neckisches Beispiel f\u00fcr Cross-Dressing, inkl. Teel\u00f6ffel. Anspielung nat\u00fcrlich auf das Gem\u00e4lde Le d\u00e9jeuner sur l\u2019herbe des Malers \u00c9douard Manet, mit allen Konnotationen sexueller Verf\u00fchrung, inklusive der Vorstellung von Haaren auf der Zunge.<br \/>\n(weiter <a href=\"http:\/\/www.zeit.de\/2013\/34\/werkschau-meret-oppenheim\">hier<\/a>)<\/p><\/blockquote>\n<p><a href=\"http:\/\/www.flickr.com\/photos\/mitue\/10347734256\/\" title=\"Autumn 1930 von mitue bei Flickr\"><img loading=\"lazy\" decoding=\"async\" src=\"http:\/\/farm3.staticflickr.com\/2878\/10347734256_9fbeca25f1.jpg\" width=\"500\" height=\"396\" alt=\"Autumn 1930\"><\/a><br \/>\nHerbst, 1930<\/p>\n<p><a href=\"\">Meret Oppenheim <a href=\"http:\/\/radio-weblogs.com\/0109045\/2004\/07\/16.html\">2004 in den Kunstspazierg\u00e4ngen<\/a> <\/a><\/p>\n","protected":false},"excerpt":{"rendered":"<p>Retrospektive im Martin-Gropius-Bau Ach, noch etwas: Sie ist die mit der Felltasse. Ja. Das kleine Objekt, das im Mai 1936, kaum zwei Wochen alt, von Alfred H. Barr, Direktor des New Yorker Museum of Modern Art, in einer Pariser Galerie aufgest\u00f6bert und weggekauft wurde und seitdem in Manhattan lebt, in einem Kasten aus Plexiglas, einsam [&hellip;]<\/p>\n","protected":false},"author":1,"featured_media":0,"comment_status":"open","ping_status":"closed","sticky":false,"template":"","format":"standard","meta":{"footnotes":""},"categories":[5],"tags":[285],"class_list":["post-3736","post","type-post","status-publish","format-standard","hentry","category-ausstellungen","tag-martin-gropius-bau"],"_links":{"self":[{"href":"https:\/\/mitue.de\/index.php?rest_route=\/wp\/v2\/posts\/3736","targetHints":{"allow":["GET"]}}],"collection":[{"href":"https:\/\/mitue.de\/index.php?rest_route=\/wp\/v2\/posts"}],"about":[{"href":"https:\/\/mitue.de\/index.php?rest_route=\/wp\/v2\/types\/post"}],"author":[{"embeddable":true,"href":"https:\/\/mitue.de\/index.php?rest_route=\/wp\/v2\/users\/1"}],"replies":[{"embeddable":true,"href":"https:\/\/mitue.de\/index.php?rest_route=%2Fwp%2Fv2%2Fcomments&post=3736"}],"version-history":[{"count":1,"href":"https:\/\/mitue.de\/index.php?rest_route=\/wp\/v2\/posts\/3736\/revisions"}],"predecessor-version":[{"id":3737,"href":"https:\/\/mitue.de\/index.php?rest_route=\/wp\/v2\/posts\/3736\/revisions\/3737"}],"wp:attachment":[{"href":"https:\/\/mitue.de\/index.php?rest_route=%2Fwp%2Fv2%2Fmedia&parent=3736"}],"wp:term":[{"taxonomy":"category","embeddable":true,"href":"https:\/\/mitue.de\/index.php?rest_route=%2Fwp%2Fv2%2Fcategories&post=3736"},{"taxonomy":"post_tag","embeddable":true,"href":"https:\/\/mitue.de\/index.php?rest_route=%2Fwp%2Fv2%2Ftags&post=3736"}],"curies":[{"name":"wp","href":"https:\/\/api.w.org\/{rel}","templated":true}]}}