{"id":3739,"date":"2013-10-19T17:22:38","date_gmt":"2013-10-19T16:22:38","guid":{"rendered":"http:\/\/mitue.de\/?p=3739"},"modified":"2013-10-19T17:22:38","modified_gmt":"2013-10-19T16:22:38","slug":"kunstraum-tanas","status":"publish","type":"post","link":"https:\/\/mitue.de\/?p=3739","title":{"rendered":"Kunstraum Tanas"},"content":{"rendered":"<p><a href=\"http:\/\/www.flickr.com\/photos\/mitue\/10364195843\/\" title=\"Tanas 03 von mitue bei Flickr\"><img loading=\"lazy\" decoding=\"async\" src=\"http:\/\/farm6.staticflickr.com\/5483\/10364195843_fee847e9a5.jpg\" width=\"500\" height=\"291\" alt=\"Tanas 03\"><\/a><br \/>\nLawrence Weiner<\/p>\n<blockquote><p>F\u00fcnf Jahre lang schlug der Kunstraum Tanas Br\u00fccken in die Kultur der T\u00fcrkei und ihrer \u00f6stlichen Nachbaren. Jetzt verabschiedet sich Tanas-Leiter Ren\u00e9 Block mit einer eindrucksvollen Doppelausstellung.<br \/>\n(mehr <a href=\"http:\/\/www.berliner-zeitung.de\/kultur\/kunstraum-tanas-schliesst-iskele--das-heisst-abfahrt--aber-auch-ankunft,10809150,24490610.html\">hier<\/a>)<\/p><\/blockquote>\n<p><a href=\"http:\/\/www.flickr.com\/photos\/mitue\/10364207673\/\" title=\"Ping Pong von mitue bei Flickr\"><img loading=\"lazy\" decoding=\"async\" src=\"http:\/\/farm3.staticflickr.com\/2808\/10364207673_0b0c04e374.jpg\" width=\"500\" height=\"333\" alt=\"Ping Pong\"><\/a><br \/>\nAdel Abidin<\/p>\n<blockquote><p>Zum Finale sind sie alle noch einmal dabei. Ayse Erkmen und Hale Tenger, die starken Frauen, die bereits Anfang der neunziger Jahre in Istanbul von sich reden machten. Ahmet \u00d6g\u00fct und Sener \u00d6zmen, die jungen, ernsten M\u00e4nner aus dem Osten der T\u00fcrkei.<br \/>\nAber auch Lawrence Weiner, Asta Gr\u00f6ting und Rosemarie Trockel machen bei &#8222;The Unanswered Question. Iskele 2&#8220; mit, der Doppelausstellung bei Tanas und im Neuen Berliner Kunstverein (n.b.k.). Mit ihr wird Ren\u00e9 Block seinen Projektraum Tanas f\u00fcr Kunst in der T\u00fcrkei und der Diaspora Anfang November schlie\u00dfen. Die Botschaft ist deutlich: Kunst aus der T\u00fcrkei und dem Westen begegnen sich gleichrangig, hier in Gestalt vieler neuer Installationen, Skulpturen, Videos, Objekte und Fotografien, die locker gef\u00fcgt ohne gro\u00dfen gemeinsamen Nenner nebeneinander stehen. &#8222;Kunst aus der T\u00fcrkei ist angekommen&#8220;, sagt Block.<br \/>\n(mehr <a href=\"http:\/\/www.art-magazin.de\/szene\/65343\/tanas_berlin\">hier<\/a>)<\/p><\/blockquote>\n<p><a href=\"http:\/\/www.flickr.com\/photos\/mitue\/10364033444\/\" title=\"Taksim von mitue bei Flickr\"><img loading=\"lazy\" decoding=\"async\" src=\"http:\/\/farm8.staticflickr.com\/7399\/10364033444_491dfa6031.jpg\" width=\"500\" height=\"333\" alt=\"Taksim\"><\/a><br \/>\nOlaf Metzel<\/p>\n","protected":false},"excerpt":{"rendered":"<p>Lawrence Weiner F\u00fcnf Jahre lang schlug der Kunstraum Tanas Br\u00fccken in die Kultur der T\u00fcrkei und ihrer \u00f6stlichen Nachbaren. Jetzt verabschiedet sich Tanas-Leiter Ren\u00e9 Block mit einer eindrucksvollen Doppelausstellung. (mehr hier) Adel Abidin Zum Finale sind sie alle noch einmal dabei. Ayse Erkmen und Hale Tenger, die starken Frauen, die bereits Anfang der neunziger Jahre [&hellip;]<\/p>\n","protected":false},"author":1,"featured_media":0,"comment_status":"open","ping_status":"closed","sticky":false,"template":"","format":"standard","meta":{"footnotes":""},"categories":[5],"tags":[],"class_list":["post-3739","post","type-post","status-publish","format-standard","hentry","category-ausstellungen"],"_links":{"self":[{"href":"https:\/\/mitue.de\/index.php?rest_route=\/wp\/v2\/posts\/3739","targetHints":{"allow":["GET"]}}],"collection":[{"href":"https:\/\/mitue.de\/index.php?rest_route=\/wp\/v2\/posts"}],"about":[{"href":"https:\/\/mitue.de\/index.php?rest_route=\/wp\/v2\/types\/post"}],"author":[{"embeddable":true,"href":"https:\/\/mitue.de\/index.php?rest_route=\/wp\/v2\/users\/1"}],"replies":[{"embeddable":true,"href":"https:\/\/mitue.de\/index.php?rest_route=%2Fwp%2Fv2%2Fcomments&post=3739"}],"version-history":[{"count":1,"href":"https:\/\/mitue.de\/index.php?rest_route=\/wp\/v2\/posts\/3739\/revisions"}],"predecessor-version":[{"id":3740,"href":"https:\/\/mitue.de\/index.php?rest_route=\/wp\/v2\/posts\/3739\/revisions\/3740"}],"wp:attachment":[{"href":"https:\/\/mitue.de\/index.php?rest_route=%2Fwp%2Fv2%2Fmedia&parent=3739"}],"wp:term":[{"taxonomy":"category","embeddable":true,"href":"https:\/\/mitue.de\/index.php?rest_route=%2Fwp%2Fv2%2Fcategories&post=3739"},{"taxonomy":"post_tag","embeddable":true,"href":"https:\/\/mitue.de\/index.php?rest_route=%2Fwp%2Fv2%2Ftags&post=3739"}],"curies":[{"name":"wp","href":"https:\/\/api.w.org\/{rel}","templated":true}]}}