{"id":3747,"date":"2013-10-25T17:09:56","date_gmt":"2013-10-25T16:09:56","guid":{"rendered":"http:\/\/mitue.de\/?p=3747"},"modified":"2013-10-25T17:09:56","modified_gmt":"2013-10-25T16:09:56","slug":"buchstabenmuseum","status":"publish","type":"post","link":"https:\/\/mitue.de\/?p=3747","title":{"rendered":"Buchstabenmuseum"},"content":{"rendered":"<p><a href=\"http:\/\/www.flickr.com\/photos\/mitue\/10477149425\/\" title=\"Buchstaben1 von mitue bei Flickr\"><img loading=\"lazy\" decoding=\"async\" src=\"http:\/\/farm4.staticflickr.com\/3665\/10477149425_f9ef0451bd.jpg\" width=\"500\" height=\"333\" alt=\"Buchstaben1\"><\/a><\/p>\n<p align=\"left\">Zugegeben, etwas entt\u00e4uscht waren wir schon. Im Februar besuchten wir noch das <a href=\"http:\/\/mitue.de\/?p=3266\">Museums-Provisorium<\/a> in der Markthalle am Alexanderplatz. Jetzt h\u00f6rten wir <a href=\"http:\/\/www.buchstabenmuseum.de\/\">von dem neuen Haus<\/a> in der Holzmarktstra\u00dfe. Von au\u00dfen sieht es schon ganz gut aus, aber drin, ich sag&#8216; nur &#8211; T\u00fctenbuchstabensuppe, versch\u00fcttet. Am 6. Dezember soll offiziell Er\u00f6ffnung sein. Wir glauben es nicht.<\/p>\n<p><a href=\"http:\/\/www.flickr.com\/photos\/mitue\/10477155584\/\" title=\"Buchstaben2 von mitue bei Flickr\"><img loading=\"lazy\" decoding=\"async\" src=\"http:\/\/farm4.staticflickr.com\/3698\/10477155584_a42d1e135b.jpg\" width=\"500\" height=\"333\" alt=\"Buchstaben2\"><\/a><\/p>\n","protected":false},"excerpt":{"rendered":"<p>Zugegeben, etwas entt\u00e4uscht waren wir schon. Im Februar besuchten wir noch das Museums-Provisorium in der Markthalle am Alexanderplatz. Jetzt h\u00f6rten wir von dem neuen Haus in der Holzmarktstra\u00dfe. Von au\u00dfen sieht es schon ganz gut aus, aber drin, ich sag&#8216; nur &#8211; T\u00fctenbuchstabensuppe, versch\u00fcttet. Am 6. Dezember soll offiziell Er\u00f6ffnung sein. Wir glauben es nicht.<\/p>\n","protected":false},"author":1,"featured_media":0,"comment_status":"open","ping_status":"closed","sticky":false,"template":"","format":"standard","meta":{"footnotes":""},"categories":[5],"tags":[],"class_list":["post-3747","post","type-post","status-publish","format-standard","hentry","category-ausstellungen"],"_links":{"self":[{"href":"https:\/\/mitue.de\/index.php?rest_route=\/wp\/v2\/posts\/3747","targetHints":{"allow":["GET"]}}],"collection":[{"href":"https:\/\/mitue.de\/index.php?rest_route=\/wp\/v2\/posts"}],"about":[{"href":"https:\/\/mitue.de\/index.php?rest_route=\/wp\/v2\/types\/post"}],"author":[{"embeddable":true,"href":"https:\/\/mitue.de\/index.php?rest_route=\/wp\/v2\/users\/1"}],"replies":[{"embeddable":true,"href":"https:\/\/mitue.de\/index.php?rest_route=%2Fwp%2Fv2%2Fcomments&post=3747"}],"version-history":[{"count":1,"href":"https:\/\/mitue.de\/index.php?rest_route=\/wp\/v2\/posts\/3747\/revisions"}],"predecessor-version":[{"id":3748,"href":"https:\/\/mitue.de\/index.php?rest_route=\/wp\/v2\/posts\/3747\/revisions\/3748"}],"wp:attachment":[{"href":"https:\/\/mitue.de\/index.php?rest_route=%2Fwp%2Fv2%2Fmedia&parent=3747"}],"wp:term":[{"taxonomy":"category","embeddable":true,"href":"https:\/\/mitue.de\/index.php?rest_route=%2Fwp%2Fv2%2Fcategories&post=3747"},{"taxonomy":"post_tag","embeddable":true,"href":"https:\/\/mitue.de\/index.php?rest_route=%2Fwp%2Fv2%2Ftags&post=3747"}],"curies":[{"name":"wp","href":"https:\/\/api.w.org\/{rel}","templated":true}]}}