{"id":380,"date":"2009-04-01T19:23:12","date_gmt":"2009-04-01T18:23:12","guid":{"rendered":"http:\/\/mitue.de\/?p=380"},"modified":"2012-04-04T10:22:08","modified_gmt":"2012-04-04T09:22:08","slug":"april","status":"publish","type":"post","link":"https:\/\/mitue.de\/?p=380","title":{"rendered":"April"},"content":{"rendered":"<blockquote><p>April ist der \u00fcbelste Monat von allen, treibt<br \/>\nFlieder aus der toten Erde, mischt<br \/>\nErinnerungen mit Lust, schreckt<br \/>\nSpr\u00f6de Wurzeln auf mit Fr\u00fchlingsregen.<\/p><\/blockquote>\n<p><a title=\"Verdreht by mitue, on Flickr\" href=\"http:\/\/www.flickr.com\/photos\/mitue\/3405077660\/\"><img loading=\"lazy\" decoding=\"async\" src=\"http:\/\/farm4.static.flickr.com\/3551\/3405077660_57b1a6a4ed.jpg\" border=\"0\" alt=\"Verdreht\" width=\"500\" height=\"333\" \/><\/a><\/p>\n<blockquote><p>April is the cruellest month, breeding<br \/>\nLilacs out of the dead land, mixing<br \/>\nMemory and desire, stirring<br \/>\nDull roots with spring rain.<\/p><\/blockquote>\n<p><a href=\"http:\/\/www.english.illinois.edu\/maps\/poets\/a_f\/eliot\/eliot.htm\">T.S. Eliot<\/a><br \/>\n<a href=\"http:\/\/www.glanzundelend.de\/Artikel\/thewasteland.htm\">The Waste Land. Das \u00f6de Land <\/a><br \/>\nNeu\u00fcbersetzung Norbert Hummel<\/p>\n<blockquote><p>Jedenfalls ist es ein Gl\u00fcck, dass &#8222;Das \u00f6de Land&#8220; mit dieser zweisprachigen Ausgabe nun endlich wieder einmal in unseren Gesichtskreis ger\u00fcckt wird. Denn Eliots Gedicht ist noch immer frisch und auf der H\u00f6he der Zeit. Und es ist, nebenbei gesagt, um einiges radikaler, als vieles, was heute geschrieben oder gesampelt wird.<br \/>\n(mehr <a href=\"http:\/\/www.dradio.de\/dlf\/sendungen\/buechermarkt\/894008\/\">hier<\/a>)<\/p><\/blockquote>\n<p><a title=\"Am Ufer by mitue, on Flickr\" href=\"http:\/\/www.flickr.com\/photos\/mitue\/3401663821\/\"><img loading=\"lazy\" decoding=\"async\" src=\"http:\/\/farm4.static.flickr.com\/3555\/3401663821_a2fa66a9cf.jpg\" border=\"0\" alt=\"Am Ufer\" width=\"500\" height=\"333\" \/><\/a><\/p>\n<p><a title=\"Stimmung by mitue, on Flickr\" href=\"http:\/\/www.flickr.com\/photos\/mitue\/3405080206\/\"><img loading=\"lazy\" decoding=\"async\" src=\"http:\/\/farm4.static.flickr.com\/3611\/3405080206_ac2e5bc2a1.jpg\" border=\"0\" alt=\"Stimmung\" width=\"500\" height=\"333\" \/><\/a><\/p>\n","protected":false},"excerpt":{"rendered":"<p>April ist der \u00fcbelste Monat von allen, treibt Flieder aus der toten Erde, mischt Erinnerungen mit Lust, schreckt Spr\u00f6de Wurzeln auf mit Fr\u00fchlingsregen. April is the cruellest month, breeding Lilacs out of the dead land, mixing Memory and desire, stirring Dull roots with spring rain. T.S. Eliot The Waste Land. Das \u00f6de Land Neu\u00fcbersetzung Norbert [&hellip;]<\/p>\n","protected":false},"author":1,"featured_media":0,"comment_status":"open","ping_status":"open","sticky":false,"template":"","format":"standard","meta":{"footnotes":""},"categories":[27],"tags":[487,135,15],"class_list":["post-380","post","type-post","status-publish","format-standard","hentry","category-berliner-umgebung","tag-april","tag-rheinsberger-see","tag-zitat"],"_links":{"self":[{"href":"https:\/\/mitue.de\/index.php?rest_route=\/wp\/v2\/posts\/380","targetHints":{"allow":["GET"]}}],"collection":[{"href":"https:\/\/mitue.de\/index.php?rest_route=\/wp\/v2\/posts"}],"about":[{"href":"https:\/\/mitue.de\/index.php?rest_route=\/wp\/v2\/types\/post"}],"author":[{"embeddable":true,"href":"https:\/\/mitue.de\/index.php?rest_route=\/wp\/v2\/users\/1"}],"replies":[{"embeddable":true,"href":"https:\/\/mitue.de\/index.php?rest_route=%2Fwp%2Fv2%2Fcomments&post=380"}],"version-history":[{"count":3,"href":"https:\/\/mitue.de\/index.php?rest_route=\/wp\/v2\/posts\/380\/revisions"}],"predecessor-version":[{"id":2675,"href":"https:\/\/mitue.de\/index.php?rest_route=\/wp\/v2\/posts\/380\/revisions\/2675"}],"wp:attachment":[{"href":"https:\/\/mitue.de\/index.php?rest_route=%2Fwp%2Fv2%2Fmedia&parent=380"}],"wp:term":[{"taxonomy":"category","embeddable":true,"href":"https:\/\/mitue.de\/index.php?rest_route=%2Fwp%2Fv2%2Fcategories&post=380"},{"taxonomy":"post_tag","embeddable":true,"href":"https:\/\/mitue.de\/index.php?rest_route=%2Fwp%2Fv2%2Ftags&post=380"}],"curies":[{"name":"wp","href":"https:\/\/api.w.org\/{rel}","templated":true}]}}