{"id":410,"date":"2009-04-15T19:05:05","date_gmt":"2009-04-15T18:05:05","guid":{"rendered":"http:\/\/mitue.de\/?p=410"},"modified":"2010-01-11T19:21:21","modified_gmt":"2010-01-11T18:21:21","slug":"edith-stein","status":"publish","type":"post","link":"https:\/\/mitue.de\/?p=410","title":{"rendered":"Edith Stein"},"content":{"rendered":"<p><a title=\"Edith Stein by mitue, on Flickr\" href=\"http:\/\/www.flickr.com\/photos\/mitue\/3445235762\/\"><img loading=\"lazy\" decoding=\"async\" src=\"http:\/\/farm4.static.flickr.com\/3398\/3445235762_5f34c85760.jpg\" border=\"0\" alt=\"Edith Stein\" width=\"500\" height=\"333\" \/><\/a><\/p>\n<p>Edith Stein in der <a href=\"http:\/\/www.freiberger-stiftung.de\/index.php?option=com_content&amp;task=view&amp;id=127&amp;Itemid=214\">Stra\u00dfe der Erinnerung<\/a><\/p>\n<blockquote><p>Edith Stein kam als Kind j\u00fcdischer Eltern zur Welt, ihr Vater war ein wohlhabender Holzh\u00e4ndler. Sie studierte Philosophie in G\u00f6ttingen und Breslau, promovierte \u201esumma cum laude\u201d bei <a href=\"http:\/\/de.wikipedia.org\/wiki\/Edmund_Husserl\">Edmund Husserl<\/a> in Freiburg \u00fcber das Thema \u201eEinf\u00fchlung\u201d und wurde Assistentin des ber\u00fchmten Philosophen, als j\u00fcdischer Frau verwehrte man ihr aber die Habilitation. 1922 konvertierte sie nach der Lekt\u00fcre der Biografie der <a href=\"http:\/\/www.heiligenlexikon.de\/BiographienT\/Teresa_von_Avila.htm\">Teresia von \u00c1vila<\/a> zur katholischen Kirche und wollte Nonne werden, was ihr aber auch verwehrt wurde.<br \/>\n(mehr <a href=\"http:\/\/www.heiligenlexikon.de\/BiographienE\/Edith_Stein.html\">hier<\/a> im \u00d6kumenischem Heiligenlexikon)<\/p><\/blockquote>\n<blockquote><p>Mit einer Hingabe, die er als die Fr\u00f6mmigkeit eines Atheisten bezeichnete, nahm er Anteil an ihrem Leben und ihrem Sterben. Im Herbst 1945 fuhr er nach N\u00fcrnberg, weil er ihrem M\u00f6rder Sey\u00df-Inquart in die Augen sehen wollte, und als sie von Papst Johannes Paul II. heiligesprochen wurde, sei er, sagte er, sehr verwirrt gewesen. W\u00f6rtlich sagte er: &#8222;Ich glaubte, ich m\u00fcsse mich \u00fcbergeben.&#8220; Edith Stein, die sich seit ihrem Eintritt in den Karmeliterorden Teresia Benedicte a Cruce nannte, wurde als &#8222;katholische M\u00e4rtyrerin&#8220; heiliggesprochen. &#8222;Pius XII. hat nichts unternommen, um ihr Leben zu retten&#8220;, sagte Carl, &#8222;und nun spricht sie einer seiner Nachfolger heilig. Sie ist ja nicht wegen ihres katholischen Glaubens in Auschwitz ermordet worden, sondern weil sie J\u00fcdin war.&#8220;<br \/>\n(aus: Michael K\u00f6hlmeier <a href=\"http:\/\/www.zeit.de\/2007\/39\/L-Koehlmeier\">Abendland<\/a>)<\/p><\/blockquote>\n","protected":false},"excerpt":{"rendered":"<p>Edith Stein in der Stra\u00dfe der Erinnerung Edith Stein kam als Kind j\u00fcdischer Eltern zur Welt, ihr Vater war ein wohlhabender Holzh\u00e4ndler. Sie studierte Philosophie in G\u00f6ttingen und Breslau, promovierte \u201esumma cum laude\u201d bei Edmund Husserl in Freiburg \u00fcber das Thema \u201eEinf\u00fchlung\u201d und wurde Assistentin des ber\u00fchmten Philosophen, als j\u00fcdischer Frau verwehrte man ihr aber [&hellip;]<\/p>\n","protected":false},"author":1,"featured_media":0,"comment_status":"open","ping_status":"open","sticky":false,"template":"","format":"standard","meta":{"footnotes":""},"categories":[3],"tags":[25,10,227],"class_list":["post-410","post","type-post","status-publish","format-standard","hentry","category-kunst-im-offentlichen-raum","tag-buste","tag-skulptur","tag-strase-der-erinnerung"],"_links":{"self":[{"href":"https:\/\/mitue.de\/index.php?rest_route=\/wp\/v2\/posts\/410","targetHints":{"allow":["GET"]}}],"collection":[{"href":"https:\/\/mitue.de\/index.php?rest_route=\/wp\/v2\/posts"}],"about":[{"href":"https:\/\/mitue.de\/index.php?rest_route=\/wp\/v2\/types\/post"}],"author":[{"embeddable":true,"href":"https:\/\/mitue.de\/index.php?rest_route=\/wp\/v2\/users\/1"}],"replies":[{"embeddable":true,"href":"https:\/\/mitue.de\/index.php?rest_route=%2Fwp%2Fv2%2Fcomments&post=410"}],"version-history":[{"count":2,"href":"https:\/\/mitue.de\/index.php?rest_route=\/wp\/v2\/posts\/410\/revisions"}],"predecessor-version":[{"id":940,"href":"https:\/\/mitue.de\/index.php?rest_route=\/wp\/v2\/posts\/410\/revisions\/940"}],"wp:attachment":[{"href":"https:\/\/mitue.de\/index.php?rest_route=%2Fwp%2Fv2%2Fmedia&parent=410"}],"wp:term":[{"taxonomy":"category","embeddable":true,"href":"https:\/\/mitue.de\/index.php?rest_route=%2Fwp%2Fv2%2Fcategories&post=410"},{"taxonomy":"post_tag","embeddable":true,"href":"https:\/\/mitue.de\/index.php?rest_route=%2Fwp%2Fv2%2Ftags&post=410"}],"curies":[{"name":"wp","href":"https:\/\/api.w.org\/{rel}","templated":true}]}}