{"id":414,"date":"2009-04-17T16:58:14","date_gmt":"2009-04-17T15:58:14","guid":{"rendered":"http:\/\/mitue.de\/?p=414"},"modified":"2009-04-17T16:58:14","modified_gmt":"2009-04-17T15:58:14","slug":"sommer-der-umarmung","status":"publish","type":"post","link":"https:\/\/mitue.de\/?p=414","title":{"rendered":"Sommer der Umarmung"},"content":{"rendered":"<p><a href=\"http:\/\/www.flickr.com\/photos\/mitue\/3449556253\/\" title=\"Lichtspiele by mitue, on Flickr\"><img loading=\"lazy\" decoding=\"async\" src=\"http:\/\/farm4.static.flickr.com\/3306\/3449556253_17058241eb.jpg\" width=\"500\" height=\"333\" alt=\"Lichtspiele\" border=\"0\"><\/a><br \/>\n<a href=\"http:\/\/de.wikipedia.org\/wiki\/Emilia_N._Bayer\">Emilia Nicolova-Bayer<\/a>, Umarmung, Terracotta<\/p>\n<blockquote><p>So \u00e4ndern sich die Zeiten. Emilia Nicolova-Bayers Skulptur \u201eUmarmung\u201c fand vermutlich in den 80er Jahren ihren Platz im \u00f6ffentlichen Raum. Nach der Wende und der Privatisierung der Baul\u00fccke an der Torstra\u00dfe nahe dem Rosenthaler Platz geriet sie in den Dunstkreis eines italienischen Restaurants und wurde buchst\u00e4blich immer weiter an den Rand gedr\u00e4ngt, bis die inzwischen mit reichlich Graffiti versehene Skulptur nun vor\u00fcbergehend Asyl im Hof der <a href=\"http:\/\/www.tor111.de\/\">Torstra\u00dfe 111<\/a> gefunden hat. Dort wird sie nun <a href=\"http:\/\/www.tor111.de\/sommerderumarmung.htm\">Bezugspunkt einer Ausstellungsreihe<\/a> und damit die Aufmerksamkeit der Besucher auf ein vergessenes Kapitel Berliner Kunst lenken: auf Arbeiten im Stadtraum, die niemand mehr kennt.<br \/>\n(mehr <a href=\"http:\/\/www.zitty.de\/kultur-kunst\/40196\/\">hier<\/a> in der Zitty)<\/p><\/blockquote>\n","protected":false},"excerpt":{"rendered":"<p>Emilia Nicolova-Bayer, Umarmung, Terracotta So \u00e4ndern sich die Zeiten. Emilia Nicolova-Bayers Skulptur \u201eUmarmung\u201c fand vermutlich in den 80er Jahren ihren Platz im \u00f6ffentlichen Raum. Nach der Wende und der Privatisierung der Baul\u00fccke an der Torstra\u00dfe nahe dem Rosenthaler Platz geriet sie in den Dunstkreis eines italienischen Restaurants und wurde buchst\u00e4blich immer weiter an den Rand [&hellip;]<\/p>\n","protected":false},"author":1,"featured_media":0,"comment_status":"open","ping_status":"open","sticky":false,"template":"","format":"standard","meta":{"footnotes":""},"categories":[5,3],"tags":[],"class_list":["post-414","post","type-post","status-publish","format-standard","hentry","category-ausstellungen","category-kunst-im-offentlichen-raum"],"_links":{"self":[{"href":"https:\/\/mitue.de\/index.php?rest_route=\/wp\/v2\/posts\/414","targetHints":{"allow":["GET"]}}],"collection":[{"href":"https:\/\/mitue.de\/index.php?rest_route=\/wp\/v2\/posts"}],"about":[{"href":"https:\/\/mitue.de\/index.php?rest_route=\/wp\/v2\/types\/post"}],"author":[{"embeddable":true,"href":"https:\/\/mitue.de\/index.php?rest_route=\/wp\/v2\/users\/1"}],"replies":[{"embeddable":true,"href":"https:\/\/mitue.de\/index.php?rest_route=%2Fwp%2Fv2%2Fcomments&post=414"}],"version-history":[{"count":1,"href":"https:\/\/mitue.de\/index.php?rest_route=\/wp\/v2\/posts\/414\/revisions"}],"predecessor-version":[{"id":415,"href":"https:\/\/mitue.de\/index.php?rest_route=\/wp\/v2\/posts\/414\/revisions\/415"}],"wp:attachment":[{"href":"https:\/\/mitue.de\/index.php?rest_route=%2Fwp%2Fv2%2Fmedia&parent=414"}],"wp:term":[{"taxonomy":"category","embeddable":true,"href":"https:\/\/mitue.de\/index.php?rest_route=%2Fwp%2Fv2%2Fcategories&post=414"},{"taxonomy":"post_tag","embeddable":true,"href":"https:\/\/mitue.de\/index.php?rest_route=%2Fwp%2Fv2%2Ftags&post=414"}],"curies":[{"name":"wp","href":"https:\/\/api.w.org\/{rel}","templated":true}]}}