{"id":4164,"date":"2014-07-13T16:29:06","date_gmt":"2014-07-13T15:29:06","guid":{"rendered":"http:\/\/mitue.de\/?p=4164"},"modified":"2014-07-13T16:29:06","modified_gmt":"2014-07-13T15:29:06","slug":"ansichten-schadow-und-brech","status":"publish","type":"post","link":"https:\/\/mitue.de\/?p=4164","title":{"rendered":"Ansichten &#8211; Schadow und Brech"},"content":{"rendered":"<p><a href=\"https:\/\/www.flickr.com\/photos\/mitue\/14457525790\/\" title=\"Schadow2 von mitue bei Flickr\"><img loading=\"lazy\" decoding=\"async\" src=\"https:\/\/farm6.staticflickr.com\/5556\/14457525790_9bcf735d1c.jpg\" width=\"500\" height=\"500\" alt=\"Schadow2\"><\/a><\/p>\n<blockquote><p>Die Ausstellung &#8222;<a href=\"http:\/\/www.bundestag.de\/kulturundgeschichte\/ausstellungen\/kunst_ausst\/ansichten\/-\/274958\">Ansichten<\/a>&#8220; zeigt vom 20. Mai bis 14. September 2014 im Schadow-Haus (Seitenfl\u00fcgel) in Berlin das monumentale Schlu\u00dfst\u00fcck des &#8222;M\u00fcnzfrieses&#8220; von Johann Gottfried Schadow. Diesen repr\u00e4sentativen Fries schuf der Bildhauer nach einem Entwurf von Friedrich Gilly f\u00fcr das in den Jahren 1798 bis 1800 erbaute M\u00fcnzgeb\u00e4ude am Werderschen Markt.<\/p><\/blockquote>\n<p><a href=\"https:\/\/www.flickr.com\/photos\/mitue\/14457556220\/\" title=\"Brech2 von mitue bei Flickr\"><img loading=\"lazy\" decoding=\"async\" src=\"https:\/\/farm4.staticflickr.com\/3882\/14457556220_462566c838.jpg\" width=\"500\" height=\"500\" alt=\"Brech2\"><\/a><\/p>\n<p><a href=\"https:\/\/www.flickr.com\/photos\/mitue\/14457597259\/\" title=\"Brech4 von mitue bei Flickr\"><img loading=\"lazy\" decoding=\"async\" src=\"https:\/\/farm4.staticflickr.com\/3920\/14457597259_9f0dbceca7.jpg\" width=\"500\" height=\"375\" alt=\"Brech4\"><\/a><\/p>\n<p align=\"left\">Der Fotograf und Video-K\u00fcnstler Christoph Brech erweitert den Blick des Betrachters auf die Skulpturen Schadows, wobei er sie seiner k\u00fcnstlerischen Sehweise anverwandelt.<\/p>\n","protected":false},"excerpt":{"rendered":"<p>Die Ausstellung &#8222;Ansichten&#8220; zeigt vom 20. Mai bis 14. September 2014 im Schadow-Haus (Seitenfl\u00fcgel) in Berlin das monumentale Schlu\u00dfst\u00fcck des &#8222;M\u00fcnzfrieses&#8220; von Johann Gottfried Schadow. Diesen repr\u00e4sentativen Fries schuf der Bildhauer nach einem Entwurf von Friedrich Gilly f\u00fcr das in den Jahren 1798 bis 1800 erbaute M\u00fcnzgeb\u00e4ude am Werderschen Markt. Der Fotograf und Video-K\u00fcnstler Christoph [&hellip;]<\/p>\n","protected":false},"author":1,"featured_media":0,"comment_status":"open","ping_status":"closed","sticky":false,"template":"","format":"standard","meta":{"footnotes":""},"categories":[5],"tags":[],"class_list":["post-4164","post","type-post","status-publish","format-standard","hentry","category-ausstellungen"],"_links":{"self":[{"href":"https:\/\/mitue.de\/index.php?rest_route=\/wp\/v2\/posts\/4164","targetHints":{"allow":["GET"]}}],"collection":[{"href":"https:\/\/mitue.de\/index.php?rest_route=\/wp\/v2\/posts"}],"about":[{"href":"https:\/\/mitue.de\/index.php?rest_route=\/wp\/v2\/types\/post"}],"author":[{"embeddable":true,"href":"https:\/\/mitue.de\/index.php?rest_route=\/wp\/v2\/users\/1"}],"replies":[{"embeddable":true,"href":"https:\/\/mitue.de\/index.php?rest_route=%2Fwp%2Fv2%2Fcomments&post=4164"}],"version-history":[{"count":1,"href":"https:\/\/mitue.de\/index.php?rest_route=\/wp\/v2\/posts\/4164\/revisions"}],"predecessor-version":[{"id":4165,"href":"https:\/\/mitue.de\/index.php?rest_route=\/wp\/v2\/posts\/4164\/revisions\/4165"}],"wp:attachment":[{"href":"https:\/\/mitue.de\/index.php?rest_route=%2Fwp%2Fv2%2Fmedia&parent=4164"}],"wp:term":[{"taxonomy":"category","embeddable":true,"href":"https:\/\/mitue.de\/index.php?rest_route=%2Fwp%2Fv2%2Fcategories&post=4164"},{"taxonomy":"post_tag","embeddable":true,"href":"https:\/\/mitue.de\/index.php?rest_route=%2Fwp%2Fv2%2Ftags&post=4164"}],"curies":[{"name":"wp","href":"https:\/\/api.w.org\/{rel}","templated":true}]}}