{"id":4185,"date":"2014-07-20T11:10:23","date_gmt":"2014-07-20T10:10:23","guid":{"rendered":"http:\/\/mitue.de\/?p=4185"},"modified":"2014-07-20T11:10:23","modified_gmt":"2014-07-20T10:10:23","slug":"berlin-biennale-8-2","status":"publish","type":"post","link":"https:\/\/mitue.de\/?p=4185","title":{"rendered":"Berlin Biennale 8"},"content":{"rendered":"<p><a href=\"https:\/\/www.flickr.com\/photos\/mitue\/14717409753\/\" title=\"BB805 von mitue bei Flickr\"><img loading=\"lazy\" decoding=\"async\" src=\"https:\/\/farm3.staticflickr.com\/2934\/14717409753_6d15db1d8c.jpg\" width=\"500\" height=\"333\" alt=\"BB805\"><\/a><\/p>\n<p align=\"left\">Berlin Biennale 8 f\u00fcr zeitgen\u00f6ssische Kunst<br \/>\nHeute: <a href=\"http:\/\/www.rbb-online.de\/kultur\/beitrag\/2014\/05\/maya-und-moderne-kunst--8--berlin-biennale-.html\">Ethnologisches Museum Dahlem<\/a><\/p>\n<p><a href=\"https:\/\/www.flickr.com\/photos\/mitue\/14694343621\/\" title=\"BB802 von mitue bei Flickr\"><img loading=\"lazy\" decoding=\"async\" src=\"https:\/\/farm3.staticflickr.com\/2938\/14694343621_472de953f2.jpg\" width=\"500\" height=\"334\" alt=\"BB802\"><\/a><\/p>\n<p><a href=\"https:\/\/www.flickr.com\/photos\/mitue\/14510889798\/\" title=\"BB804 von mitue bei Flickr\"><img loading=\"lazy\" decoding=\"async\" src=\"https:\/\/farm6.staticflickr.com\/5563\/14510889798_3abeb0c24a.jpg\" width=\"500\" height=\"334\" alt=\"BB804\"><\/a><\/p>\n<p align=\"left\"><a href=\"http:\/\/www.scheringstiftung.de\/index.php?option=com_content&#038;view=article&#038;id=2778%3Amariana-castillo-deball-im-ethnologischen-museum&#038;catid=18%3Aaktuelles&#038;Itemid=11&#038;lang=de\">Mariana Castillo Deball<\/a>, You have time to show yourself before other eyes, 2014<\/p>\n<p><a href=\"https:\/\/www.flickr.com\/photos\/mitue\/14510861539\/\" title=\"BB803 von mitue bei Flickr\"><img loading=\"lazy\" decoding=\"async\" src=\"https:\/\/farm6.staticflickr.com\/5559\/14510861539_b54c1247a2.jpg\" width=\"500\" height=\"334\" alt=\"BB803\"><\/a><\/p>\n<blockquote><p>Die mit dem Preis der Nationalgalerie f\u00fcr Junge Kunst 2013 ausgezeichnete K\u00fcnstlerin, Mariana Castillo Deball (*1975 in Mexico City), wird ab September 2014 ein eigens f\u00fcr ihre Einzelausstellung entwickeltes Projekt in der Historischen Halle des Hamburger Bahnhofs zeigen.<br \/>\n(mehr <a href=\"https:\/\/www.freunde-der-nationalgalerie.de\/de\/projekte\/ausstellungen\/2014\/mariana-castillo-deball.html\">hier<\/a>)<\/p><\/blockquote>\n","protected":false},"excerpt":{"rendered":"<p>Berlin Biennale 8 f\u00fcr zeitgen\u00f6ssische Kunst Heute: Ethnologisches Museum Dahlem Mariana Castillo Deball, You have time to show yourself before other eyes, 2014 Die mit dem Preis der Nationalgalerie f\u00fcr Junge Kunst 2013 ausgezeichnete K\u00fcnstlerin, Mariana Castillo Deball (*1975 in Mexico City), wird ab September 2014 ein eigens f\u00fcr ihre Einzelausstellung entwickeltes Projekt in der [&hellip;]<\/p>\n","protected":false},"author":1,"featured_media":0,"comment_status":"open","ping_status":"closed","sticky":false,"template":"","format":"standard","meta":{"footnotes":""},"categories":[5],"tags":[37],"class_list":["post-4185","post","type-post","status-publish","format-standard","hentry","category-ausstellungen","tag-berlin-biennale"],"_links":{"self":[{"href":"https:\/\/mitue.de\/index.php?rest_route=\/wp\/v2\/posts\/4185","targetHints":{"allow":["GET"]}}],"collection":[{"href":"https:\/\/mitue.de\/index.php?rest_route=\/wp\/v2\/posts"}],"about":[{"href":"https:\/\/mitue.de\/index.php?rest_route=\/wp\/v2\/types\/post"}],"author":[{"embeddable":true,"href":"https:\/\/mitue.de\/index.php?rest_route=\/wp\/v2\/users\/1"}],"replies":[{"embeddable":true,"href":"https:\/\/mitue.de\/index.php?rest_route=%2Fwp%2Fv2%2Fcomments&post=4185"}],"version-history":[{"count":1,"href":"https:\/\/mitue.de\/index.php?rest_route=\/wp\/v2\/posts\/4185\/revisions"}],"predecessor-version":[{"id":4186,"href":"https:\/\/mitue.de\/index.php?rest_route=\/wp\/v2\/posts\/4185\/revisions\/4186"}],"wp:attachment":[{"href":"https:\/\/mitue.de\/index.php?rest_route=%2Fwp%2Fv2%2Fmedia&parent=4185"}],"wp:term":[{"taxonomy":"category","embeddable":true,"href":"https:\/\/mitue.de\/index.php?rest_route=%2Fwp%2Fv2%2Fcategories&post=4185"},{"taxonomy":"post_tag","embeddable":true,"href":"https:\/\/mitue.de\/index.php?rest_route=%2Fwp%2Fv2%2Ftags&post=4185"}],"curies":[{"name":"wp","href":"https:\/\/api.w.org\/{rel}","templated":true}]}}