{"id":4210,"date":"2014-07-31T20:02:18","date_gmt":"2014-07-31T19:02:18","guid":{"rendered":"http:\/\/mitue.de\/?p=4210"},"modified":"2014-07-31T20:02:18","modified_gmt":"2014-07-31T19:02:18","slug":"kurt-muhlenhaupt-boulevard","status":"publish","type":"post","link":"https:\/\/mitue.de\/?p=4210","title":{"rendered":"Kurt M\u00fchlenhaupt Boulevard"},"content":{"rendered":"<p><a href=\"https:\/\/www.flickr.com\/photos\/mitue\/14609504688\" title=\"Kurt M\u00fchlenhaupt by Michael T., on Flickr\"><img loading=\"lazy\" decoding=\"async\" src=\"https:\/\/farm6.staticflickr.com\/5558\/14609504688_f4024d57b5.jpg\" width=\"500\" height=\"341\" alt=\"Kurt M\u00fchlenhaupt\"><\/a><\/p>\n<blockquote><p>Mit der Ausstellung &#8222;Land, Stadt, Land&#8220; wurde Januar 2014 auf der Empore der Markthalle am Marheinekeplatz das M\u00fchlenhaupt-Museum er\u00f6ffnet. Der neue Name soll an den Kreuzberger Maler Kurt M\u00fchlenhaupt (1921-2006) erinnern. Schwerpunkt des Programms in diesem Jahr sowie 2015 werden Werke der Kreuzberger Boh\u00e8me von den 1950er bis zu den fr\u00fchen 70er Jahren sein. Die Schau &#8222;Land, Stadt Land&#8220; zeigt zum Auftakt Bilder aus der Kunstsammlung des Rundfunks Berlin Brandenburg (RBB). Die \u00d6ffnungszeiten sind bis 15. Februar Montag bis Freitag, 8 bis 20, Sonnabend, 8 bis 18 Uhr. Parallel zur Er\u00f6ffnung des M\u00fchlenhaupt-Museums wurde der Mittelgang der Markthalle in Kurt-M\u00fchlenhaupt-Boulevard umbenannt. Auf dem Boulevard soll regelm\u00e4\u00dfig am Montag ein Kunstmarkt stattfinden.<\/p><\/blockquote>\n<p><a href=\"https:\/\/www.flickr.com\/photos\/mitue\/14795781072\" title=\"Oskar Huth by Michael T., on Flickr\"><img loading=\"lazy\" decoding=\"async\" src=\"https:\/\/farm4.staticflickr.com\/3894\/14795781072_38245b4fc3.jpg\" width=\"473\" height=\"500\" alt=\"Oskar Huth\"><\/a><br \/>\nOskar Huth (von Kurt M\u00fchlenhaupt)<\/p>\n","protected":false},"excerpt":{"rendered":"<p>Mit der Ausstellung &#8222;Land, Stadt, Land&#8220; wurde Januar 2014 auf der Empore der Markthalle am Marheinekeplatz das M\u00fchlenhaupt-Museum er\u00f6ffnet. Der neue Name soll an den Kreuzberger Maler Kurt M\u00fchlenhaupt (1921-2006) erinnern. Schwerpunkt des Programms in diesem Jahr sowie 2015 werden Werke der Kreuzberger Boh\u00e8me von den 1950er bis zu den fr\u00fchen 70er Jahren sein. Die [&hellip;]<\/p>\n","protected":false},"author":1,"featured_media":0,"comment_status":"open","ping_status":"closed","sticky":false,"template":"","format":"standard","meta":{"footnotes":""},"categories":[5],"tags":[9],"class_list":["post-4210","post","type-post","status-publish","format-standard","hentry","category-ausstellungen","tag-berliner-original"],"_links":{"self":[{"href":"https:\/\/mitue.de\/index.php?rest_route=\/wp\/v2\/posts\/4210","targetHints":{"allow":["GET"]}}],"collection":[{"href":"https:\/\/mitue.de\/index.php?rest_route=\/wp\/v2\/posts"}],"about":[{"href":"https:\/\/mitue.de\/index.php?rest_route=\/wp\/v2\/types\/post"}],"author":[{"embeddable":true,"href":"https:\/\/mitue.de\/index.php?rest_route=\/wp\/v2\/users\/1"}],"replies":[{"embeddable":true,"href":"https:\/\/mitue.de\/index.php?rest_route=%2Fwp%2Fv2%2Fcomments&post=4210"}],"version-history":[{"count":1,"href":"https:\/\/mitue.de\/index.php?rest_route=\/wp\/v2\/posts\/4210\/revisions"}],"predecessor-version":[{"id":4211,"href":"https:\/\/mitue.de\/index.php?rest_route=\/wp\/v2\/posts\/4210\/revisions\/4211"}],"wp:attachment":[{"href":"https:\/\/mitue.de\/index.php?rest_route=%2Fwp%2Fv2%2Fmedia&parent=4210"}],"wp:term":[{"taxonomy":"category","embeddable":true,"href":"https:\/\/mitue.de\/index.php?rest_route=%2Fwp%2Fv2%2Fcategories&post=4210"},{"taxonomy":"post_tag","embeddable":true,"href":"https:\/\/mitue.de\/index.php?rest_route=%2Fwp%2Fv2%2Ftags&post=4210"}],"curies":[{"name":"wp","href":"https:\/\/api.w.org\/{rel}","templated":true}]}}