{"id":4225,"date":"2014-08-08T17:16:09","date_gmt":"2014-08-08T16:16:09","guid":{"rendered":"http:\/\/mitue.de\/?p=4225"},"modified":"2014-08-08T17:16:09","modified_gmt":"2014-08-08T16:16:09","slug":"zeichnung-der-gegenwart","status":"publish","type":"post","link":"https:\/\/mitue.de\/?p=4225","title":{"rendered":"Zeichnung der Gegenwart"},"content":{"rendered":"<p><a href=\"https:\/\/www.flickr.com\/photos\/mitue\/14673597017\" title=\"Zeichnung der Gegenwart by Michael T., on Flickr\"><img loading=\"lazy\" decoding=\"async\" src=\"https:\/\/farm4.staticflickr.com\/3850\/14673597017_6eb15bd5f2.jpg\" width=\"500\" height=\"333\" alt=\"Zeichnung der Gegenwart\"><\/a><br \/>\nGalerie Parterre<\/p>\n<p align=\"left\"><a href=\"http:\/\/www.frankbadur.de\/\">Frank Badur<\/a><br \/>\n<a href=\"http:\/\/de.wikipedia.org\/wiki\/Hans_Baschang\">Hans Baschang<\/a><br \/>\n<a href=\"\">Joachim B\u00f6ttcher <\/a><br \/>\n<a href=\"http:\/\/www.berlin.de\/ba-pankow\/kunstundkultur\/galerie-parterre\/archiv\/elgner.html\">Jens Elgner<\/a><br \/>\n<a href=\"http:\/\/www.tagesspiegel.de\/kultur\/horst-hussel-wird-80-der-portraetist-des-nichts\/9810310.html\">Horst Hussel<\/a><br \/>\n<a href=\"http:\/\/juergen-koehler.com\/\">J\u00fcrgen K\u00f6hler<\/a><br \/>\n<a href=\"http:\/\/www.rolf-lindemann.de\/\">Rolf Lindemann<\/a><br \/>\n<a href=\"http:\/\/pia-linz.de\/\">Pia Linz <\/a><br \/>\n<a href=\"http:\/\/nannemeyer.de\/\">Nanne Meyer<\/a><br \/>\n<a href=\"http:\/\/www.galeriewernerklein.de\/artist.php?id=23&#038;p=1&#038;l=1\">Malte Spohr<\/a><br \/>\n<a href=\"http:\/\/www.berlin.de\/ba-pankow\/kunstundkultur\/galerie-parterre\/archiv\/szembek.html\">Sam Szembek<\/a><\/p>\n<p><a href=\"https:\/\/www.flickr.com\/photos\/mitue\/14860122955\" title=\"Sam Szembek by Michael T., on Flickr\"><img loading=\"lazy\" decoding=\"async\" src=\"https:\/\/farm6.staticflickr.com\/5590\/14860122955_e97f8382b9.jpg\" width=\"500\" height=\"333\" alt=\"Sam Szembek\"><\/a><br \/>\nSam Stembek<\/p>\n","protected":false},"excerpt":{"rendered":"<p>Galerie Parterre Frank Badur Hans Baschang Joachim B\u00f6ttcher Jens Elgner Horst Hussel J\u00fcrgen K\u00f6hler Rolf Lindemann Pia Linz Nanne Meyer Malte Spohr Sam Szembek Sam Stembek<\/p>\n","protected":false},"author":1,"featured_media":0,"comment_status":"open","ping_status":"closed","sticky":false,"template":"","format":"standard","meta":{"footnotes":""},"categories":[5],"tags":[],"class_list":["post-4225","post","type-post","status-publish","format-standard","hentry","category-ausstellungen"],"_links":{"self":[{"href":"https:\/\/mitue.de\/index.php?rest_route=\/wp\/v2\/posts\/4225","targetHints":{"allow":["GET"]}}],"collection":[{"href":"https:\/\/mitue.de\/index.php?rest_route=\/wp\/v2\/posts"}],"about":[{"href":"https:\/\/mitue.de\/index.php?rest_route=\/wp\/v2\/types\/post"}],"author":[{"embeddable":true,"href":"https:\/\/mitue.de\/index.php?rest_route=\/wp\/v2\/users\/1"}],"replies":[{"embeddable":true,"href":"https:\/\/mitue.de\/index.php?rest_route=%2Fwp%2Fv2%2Fcomments&post=4225"}],"version-history":[{"count":1,"href":"https:\/\/mitue.de\/index.php?rest_route=\/wp\/v2\/posts\/4225\/revisions"}],"predecessor-version":[{"id":4226,"href":"https:\/\/mitue.de\/index.php?rest_route=\/wp\/v2\/posts\/4225\/revisions\/4226"}],"wp:attachment":[{"href":"https:\/\/mitue.de\/index.php?rest_route=%2Fwp%2Fv2%2Fmedia&parent=4225"}],"wp:term":[{"taxonomy":"category","embeddable":true,"href":"https:\/\/mitue.de\/index.php?rest_route=%2Fwp%2Fv2%2Fcategories&post=4225"},{"taxonomy":"post_tag","embeddable":true,"href":"https:\/\/mitue.de\/index.php?rest_route=%2Fwp%2Fv2%2Ftags&post=4225"}],"curies":[{"name":"wp","href":"https:\/\/api.w.org\/{rel}","templated":true}]}}