{"id":4261,"date":"2014-08-31T11:42:06","date_gmt":"2014-08-31T10:42:06","guid":{"rendered":"http:\/\/mitue.de\/?p=4261"},"modified":"2014-08-31T11:42:06","modified_gmt":"2014-08-31T10:42:06","slug":"der-kubist-marcel-duchamp-mag-nicht-malen","status":"publish","type":"post","link":"https:\/\/mitue.de\/?p=4261","title":{"rendered":"Der Kubist Marcel Duchamp mag nicht malen"},"content":{"rendered":"<blockquote><p><a href=\"http:\/\/at.blouinartinfo.com\/news\/story\/968266\/der-berliner-michael-muller-der-kunstler-ohne-eigenschaften\">Michael M\u00fcller<\/a> stellt derzeit in der Galerie Thomas Schulte aus \u2013 18 Ausstellungen innerhalb eines Jahres. Manche sind vier Wochen lang, andere nur einen Tag. Es geht um Robert Musils \u201eDer Mann ohne Eigenschaften\u201c. Er \u00fcbersetzt seit vielen Jahren den Text des Romans in eine eigene Schrift &#8211; die K4 &#8211; und arbeitet jetzt bei Thomas Schulte an der Auseinandersetzung mit dem Galeriewesen in der heutigen Zeit.<br \/>\n(<a href=\"http:\/\/www.herzogtum-direkt.de\/article\/kunstgespr%C3%A4ch-mit-michael-m%C3%BCller-berlin\">hier<\/a>)<\/p><\/blockquote>\n<p><a href=\"https:\/\/www.flickr.com\/photos\/mitue\/14904816239\" title=\"GTS3 by Michael T., on Flickr\"><img loading=\"lazy\" decoding=\"async\" src=\"https:\/\/farm4.staticflickr.com\/3912\/14904816239_501853b363.jpg\" width=\"500\" height=\"307\" alt=\"GTS3\"><\/a><\/p>\n<blockquote><p>Mit der Gruppenausstellung <a href=\"http:\/\/www.galleriesnow.net\/shows\/michael-muller-der-kubist-marcel-duchamp-mag-nicht-malen\/\">\u201eDer Kubist Marcel Duchamp mag nicht malen\u201c<\/a> setzt Michael M\u00fcller seine mehrteilige Suche nach dem, was Kunst heute ist oder sein kann, in den R\u00e4umen der Galerie Thomas Schulte fort. Der Ausgangspunkt ist auch f\u00fcr diesen zw\u00f6lften Teil des Ausstellungszyklus\u2018 der Roman \u201eDer Mann ohne Eigenschaften\u201c von Robert Musil, dessen Handlung im Jahr 1913 spielt. 1913 ist auch das Jahr, in dem Marcel Duchamp das sein erstes Readymade schuf und damit die Geschichte der Bildenden Kunst revolutionierte, w\u00e4hrend er gleichzeitig erstmals f\u00fcr seine fr\u00fchere kubistischen Malerei \u00f6ffentlich Anerkennung erhielt.<\/p>\n<p>Michael M\u00fcller versammelt in dieser von ihm organisierten Schau Beitr\u00e4ge zeitgen\u00f6ssischer K\u00fcnstler und kultureller Akteure, die sich mit diesem f\u00fcr die Kunst noch heute wirksamen historischen Moment besch\u00e4ftigen und auf je eigene Weise mit gr\u00f6\u00dftenteils speziell f\u00fcr diese Ausstellung entstandenen Arbeiten darauf reagieren.<\/p><\/blockquote>\n<p><a href=\"https:\/\/www.flickr.com\/photos\/mitue\/14904952877\" title=\"GTS2 by Michael T., on Flickr\"><img loading=\"lazy\" decoding=\"async\" src=\"https:\/\/farm4.staticflickr.com\/3909\/14904952877_633a49073e.jpg\" width=\"500\" height=\"332\" alt=\"GTS2\"><\/a><\/p>\n<p><a href=\"https:\/\/www.flickr.com\/photos\/mitue\/14904959727\" title=\"GTS1 by Michael T., on Flickr\"><img loading=\"lazy\" decoding=\"async\" src=\"https:\/\/farm4.staticflickr.com\/3835\/14904959727_2367233dba.jpg\" width=\"500\" height=\"338\" alt=\"GTS1\"><\/a><\/p>\n","protected":false},"excerpt":{"rendered":"<p>Michael M\u00fcller stellt derzeit in der Galerie Thomas Schulte aus \u2013 18 Ausstellungen innerhalb eines Jahres. Manche sind vier Wochen lang, andere nur einen Tag. Es geht um Robert Musils \u201eDer Mann ohne Eigenschaften\u201c. Er \u00fcbersetzt seit vielen Jahren den Text des Romans in eine eigene Schrift &#8211; die K4 &#8211; und arbeitet jetzt bei [&hellip;]<\/p>\n","protected":false},"author":1,"featured_media":0,"comment_status":"open","ping_status":"closed","sticky":false,"template":"","format":"standard","meta":{"footnotes":""},"categories":[5],"tags":[],"class_list":["post-4261","post","type-post","status-publish","format-standard","hentry","category-ausstellungen"],"_links":{"self":[{"href":"https:\/\/mitue.de\/index.php?rest_route=\/wp\/v2\/posts\/4261","targetHints":{"allow":["GET"]}}],"collection":[{"href":"https:\/\/mitue.de\/index.php?rest_route=\/wp\/v2\/posts"}],"about":[{"href":"https:\/\/mitue.de\/index.php?rest_route=\/wp\/v2\/types\/post"}],"author":[{"embeddable":true,"href":"https:\/\/mitue.de\/index.php?rest_route=\/wp\/v2\/users\/1"}],"replies":[{"embeddable":true,"href":"https:\/\/mitue.de\/index.php?rest_route=%2Fwp%2Fv2%2Fcomments&post=4261"}],"version-history":[{"count":1,"href":"https:\/\/mitue.de\/index.php?rest_route=\/wp\/v2\/posts\/4261\/revisions"}],"predecessor-version":[{"id":4262,"href":"https:\/\/mitue.de\/index.php?rest_route=\/wp\/v2\/posts\/4261\/revisions\/4262"}],"wp:attachment":[{"href":"https:\/\/mitue.de\/index.php?rest_route=%2Fwp%2Fv2%2Fmedia&parent=4261"}],"wp:term":[{"taxonomy":"category","embeddable":true,"href":"https:\/\/mitue.de\/index.php?rest_route=%2Fwp%2Fv2%2Fcategories&post=4261"},{"taxonomy":"post_tag","embeddable":true,"href":"https:\/\/mitue.de\/index.php?rest_route=%2Fwp%2Fv2%2Ftags&post=4261"}],"curies":[{"name":"wp","href":"https:\/\/api.w.org\/{rel}","templated":true}]}}