{"id":4333,"date":"2014-10-06T16:50:41","date_gmt":"2014-10-06T15:50:41","guid":{"rendered":"http:\/\/mitue.de\/?p=4333"},"modified":"2014-10-06T16:50:41","modified_gmt":"2014-10-06T15:50:41","slug":"ein-wochenende-in-danzig-1","status":"publish","type":"post","link":"https:\/\/mitue.de\/?p=4333","title":{"rendered":"Ein Wochenende in Danzig (1)"},"content":{"rendered":"<p><a href=\"https:\/\/www.flickr.com\/photos\/mitue\/15436654346\" title=\"Danzig030 by Michael T., on Flickr\"><img loading=\"lazy\" decoding=\"async\" src=\"https:\/\/farm4.staticflickr.com\/3931\/15436654346_e35fc7f78f.jpg\" width=\"500\" height=\"333\" alt=\"Danzig030\"><\/a><br \/>\nDie vergoldete Statue von K\u00f6nig Sigismund II. ziert den 1561 von Dirk Daniels errichteten Turmhelm.<\/p>\n<p><a href=\"https:\/\/www.flickr.com\/photos\/mitue\/15459285552\" title=\"Danzig027 by Michael T., on Flickr\"><img loading=\"lazy\" decoding=\"async\" src=\"https:\/\/farm3.staticflickr.com\/2949\/15459285552_5a0aa8abd4.jpg\" width=\"500\" height=\"333\" alt=\"Danzig027\"><\/a><\/p>\n<p align=\"left\">Das <a href=\"http:\/\/de.wikipedia.org\/wiki\/Rechtst%C3%A4dtisches_Rathaus\">Rechtst\u00e4dtische Rathaus<\/a> steht in Danzig im Stadtteil Rechtstadt. Dieser ist das eigentliche Stadtzentrum und \u00e4lter als die Danziger Altstadt mit dem Altst\u00e4dtischen Rathaus. Am Ende der Langgasse gelegen, hat das Rechtst\u00e4dtische Rathaus gleichfalls einen beherrschenden Standort am Langen Markt.<\/p>\n<p><a href=\"https:\/\/www.flickr.com\/photos\/mitue\/15459497175\" title=\"Danzig028 by Michael T., on Flickr\"><img loading=\"lazy\" decoding=\"async\" src=\"https:\/\/farm4.staticflickr.com\/3932\/15459497175_9b394f988b.jpg\" width=\"500\" height=\"413\" alt=\"Danzig028\"><\/a><\/p>\n","protected":false},"excerpt":{"rendered":"<p>Die vergoldete Statue von K\u00f6nig Sigismund II. ziert den 1561 von Dirk Daniels errichteten Turmhelm. Das Rechtst\u00e4dtische Rathaus steht in Danzig im Stadtteil Rechtstadt. Dieser ist das eigentliche Stadtzentrum und \u00e4lter als die Danziger Altstadt mit dem Altst\u00e4dtischen Rathaus. Am Ende der Langgasse gelegen, hat das Rechtst\u00e4dtische Rathaus gleichfalls einen beherrschenden Standort am Langen Markt.<\/p>\n","protected":false},"author":1,"featured_media":0,"comment_status":"open","ping_status":"closed","sticky":false,"template":"","format":"standard","meta":{"footnotes":""},"categories":[7],"tags":[591],"class_list":["post-4333","post","type-post","status-publish","format-standard","hentry","category-jwd","tag-danzig"],"_links":{"self":[{"href":"https:\/\/mitue.de\/index.php?rest_route=\/wp\/v2\/posts\/4333","targetHints":{"allow":["GET"]}}],"collection":[{"href":"https:\/\/mitue.de\/index.php?rest_route=\/wp\/v2\/posts"}],"about":[{"href":"https:\/\/mitue.de\/index.php?rest_route=\/wp\/v2\/types\/post"}],"author":[{"embeddable":true,"href":"https:\/\/mitue.de\/index.php?rest_route=\/wp\/v2\/users\/1"}],"replies":[{"embeddable":true,"href":"https:\/\/mitue.de\/index.php?rest_route=%2Fwp%2Fv2%2Fcomments&post=4333"}],"version-history":[{"count":1,"href":"https:\/\/mitue.de\/index.php?rest_route=\/wp\/v2\/posts\/4333\/revisions"}],"predecessor-version":[{"id":4334,"href":"https:\/\/mitue.de\/index.php?rest_route=\/wp\/v2\/posts\/4333\/revisions\/4334"}],"wp:attachment":[{"href":"https:\/\/mitue.de\/index.php?rest_route=%2Fwp%2Fv2%2Fmedia&parent=4333"}],"wp:term":[{"taxonomy":"category","embeddable":true,"href":"https:\/\/mitue.de\/index.php?rest_route=%2Fwp%2Fv2%2Fcategories&post=4333"},{"taxonomy":"post_tag","embeddable":true,"href":"https:\/\/mitue.de\/index.php?rest_route=%2Fwp%2Fv2%2Ftags&post=4333"}],"curies":[{"name":"wp","href":"https:\/\/api.w.org\/{rel}","templated":true}]}}