{"id":4360,"date":"2014-10-18T16:35:08","date_gmt":"2014-10-18T15:35:08","guid":{"rendered":"http:\/\/mitue.de\/?p=4360"},"modified":"2014-10-18T16:50:45","modified_gmt":"2014-10-18T15:50:45","slug":"baselitz","status":"publish","type":"post","link":"https:\/\/mitue.de\/?p=4360","title":{"rendered":"Baselitz"},"content":{"rendered":"<p><a href=\"https:\/\/www.flickr.com\/photos\/mitue\/15561583821\" title=\"Fare Well Bill by Michael T., on Flickr\"><img loading=\"lazy\" decoding=\"async\" src=\"https:\/\/farm6.staticflickr.com\/5609\/15561583821_e8c268d35f.jpg\" width=\"500\" height=\"325\" alt=\"Fare Well Bill\"><\/a><\/p>\n<blockquote><p>Die <a href=\"http:\/\/www.jordan-seydoux.com\/Galerie-Berlin\/images\/stories\/pdf\/JSDP_Pressetext_G.Baselitz_2014.pdf\">Galerie Jordan\/Seydoux<\/a> freut sich sehr, mit der Einzelausstellung \u201eFare Well Bill\u201c bereits zum dritten Mal Werke des renommierten K\u00fcnstlers Georg Baselitz zu pr\u00e4sentieren. Die Ausstellung stellt seine j\u00fcngsten, 2014 erschienen Druckgraphiken und ausgew\u00e4hlte Radierungen und Holzschnitte vor.<br \/>\n&#8230;<br \/>\n<a href=\"http:\/\/auguststrasse-berlin-mitte.de\/trust-in-the-sun-fare-well-bill-slave-for-sale \">\u201eFare Well Bill\u201c<\/a> &#8211; Mit dieser Gru\u00dfformel nimmt Georg Baselitz Bezug auf den K\u00fcnstler Willem de Kooning (1904-1997), der ihn seit Ende der 1950er Jahren stark gepr\u00e4gt hat. Die Ausstellung pr\u00e4sentiert als Schwerpunkt die aus zehn Radierungen bestehende Serie von Selbstportr\u00e4ts \u201eFare Well Bill\u201c (Strich\u00e4tzung und Aquatinta, Auflage 15, entstanden 2014). Der K\u00fcnstler setzt sich mit dem Selbstbildnis als direkter Selbstkonfrontation und als Ma\u00dfstab des malerischen K\u00f6nnens auseinander. Humorvoll zeigt er sich in neun Arbeiten mit Zero-M\u00fctze, dem Werbegeschenk eines Farbenherstellers, wobei er in abstrakt expressivem Stil auf die Kunst de Koonings rekurriert.<\/p><\/blockquote>\n","protected":false},"excerpt":{"rendered":"<p>Die Galerie Jordan\/Seydoux freut sich sehr, mit der Einzelausstellung \u201eFare Well Bill\u201c bereits zum dritten Mal Werke des renommierten K\u00fcnstlers Georg Baselitz zu pr\u00e4sentieren. Die Ausstellung stellt seine j\u00fcngsten, 2014 erschienen Druckgraphiken und ausgew\u00e4hlte Radierungen und Holzschnitte vor. &#8230; \u201eFare Well Bill\u201c &#8211; Mit dieser Gru\u00dfformel nimmt Georg Baselitz Bezug auf den K\u00fcnstler Willem de [&hellip;]<\/p>\n","protected":false},"author":1,"featured_media":0,"comment_status":"open","ping_status":"closed","sticky":false,"template":"","format":"standard","meta":{"footnotes":""},"categories":[5],"tags":[],"class_list":["post-4360","post","type-post","status-publish","format-standard","hentry","category-ausstellungen"],"_links":{"self":[{"href":"https:\/\/mitue.de\/index.php?rest_route=\/wp\/v2\/posts\/4360","targetHints":{"allow":["GET"]}}],"collection":[{"href":"https:\/\/mitue.de\/index.php?rest_route=\/wp\/v2\/posts"}],"about":[{"href":"https:\/\/mitue.de\/index.php?rest_route=\/wp\/v2\/types\/post"}],"author":[{"embeddable":true,"href":"https:\/\/mitue.de\/index.php?rest_route=\/wp\/v2\/users\/1"}],"replies":[{"embeddable":true,"href":"https:\/\/mitue.de\/index.php?rest_route=%2Fwp%2Fv2%2Fcomments&post=4360"}],"version-history":[{"count":3,"href":"https:\/\/mitue.de\/index.php?rest_route=\/wp\/v2\/posts\/4360\/revisions"}],"predecessor-version":[{"id":4363,"href":"https:\/\/mitue.de\/index.php?rest_route=\/wp\/v2\/posts\/4360\/revisions\/4363"}],"wp:attachment":[{"href":"https:\/\/mitue.de\/index.php?rest_route=%2Fwp%2Fv2%2Fmedia&parent=4360"}],"wp:term":[{"taxonomy":"category","embeddable":true,"href":"https:\/\/mitue.de\/index.php?rest_route=%2Fwp%2Fv2%2Fcategories&post=4360"},{"taxonomy":"post_tag","embeddable":true,"href":"https:\/\/mitue.de\/index.php?rest_route=%2Fwp%2Fv2%2Ftags&post=4360"}],"curies":[{"name":"wp","href":"https:\/\/api.w.org\/{rel}","templated":true}]}}