{"id":4368,"date":"2014-10-21T20:41:38","date_gmt":"2014-10-21T19:41:38","guid":{"rendered":"http:\/\/mitue.de\/?p=4368"},"modified":"2014-10-21T20:41:38","modified_gmt":"2014-10-21T19:41:38","slug":"das-zerschossene-museum","status":"publish","type":"post","link":"https:\/\/mitue.de\/?p=4368","title":{"rendered":"Das zerschossene Museum"},"content":{"rendered":"<p><a href=\"https:\/\/www.flickr.com\/photos\/mitue\/15388135320\" title=\"Das zerschossene Museum by Michael T., on Flickr\"><img loading=\"lazy\" decoding=\"async\" src=\"https:\/\/farm4.staticflickr.com\/3941\/15388135320_ff9b2577eb.jpg\" width=\"500\" height=\"463\" alt=\"Das zerschossene Museum\"><\/a><\/p>\n<blockquote><p><a href=\"http:\/\/www.berliner-kuenstlerprogramm.de\/de\/veranstalt_detail.php?id=896\">Ein gro\u00dffl\u00e4chiges Fassadenbanner<\/a> wurde mit dem Detail eines Pressefotos bedruckt, auf dem Tr\u00fcmmer eines zerst\u00f6rten Geb\u00e4udes im ostukrainischen Luhansk zu erkennen sind. Die Arbeit ist Teil einer k\u00fcrzlich entstandenen Fotoserie von Mykola Ridnyi, die Pressefotos der bewaffneten Konflikte in der Ukraine mit dem Ph\u00e4nomen des allm\u00e4hlichen Erblindens und einem daraus resultierenden verengten Sichtfeld koppelt: die Bildmotive werden fast vollst\u00e4ndig von schwarzer Farbe \u00fcberdeckt. \u201eManchmal beginnt es wie ein kleiner, sich allm\u00e4hlich ausbreitender Fleck oder aber wie ein sich verengender Tunnel, der das Sehverm\u00f6gen verschlingt, bis es ganz ausgel\u00f6scht ist. Diese Unf\u00e4higkeit zu sehen gleicht dem menschlichen Abwehrmechanismus, angesichts eskalierender Gewalt eine freiwillige Blindheit zu produzieren.\u201c M.Ridnyi<\/p><\/blockquote>\n<blockquote><p>Am Fu\u00df der Fassade greift <a href=\"http:\/\/auguststrasse-berlin-mitte.de\/blind-spot\">Serhij Zhadan<\/a> mit seinem Essay <i>Das zerschossene Museum<\/i>, abgedruckt im ukrainischen Original sowie in russischer, deutscher und englischer \u00dcbersetzung, das Thema der Kriegszerst\u00f6rung am Beispiel des von Bomben getroffenen Museums in Donezk auf.<\/p><\/blockquote>\n","protected":false},"excerpt":{"rendered":"<p>Ein gro\u00dffl\u00e4chiges Fassadenbanner wurde mit dem Detail eines Pressefotos bedruckt, auf dem Tr\u00fcmmer eines zerst\u00f6rten Geb\u00e4udes im ostukrainischen Luhansk zu erkennen sind. Die Arbeit ist Teil einer k\u00fcrzlich entstandenen Fotoserie von Mykola Ridnyi, die Pressefotos der bewaffneten Konflikte in der Ukraine mit dem Ph\u00e4nomen des allm\u00e4hlichen Erblindens und einem daraus resultierenden verengten Sichtfeld koppelt: die [&hellip;]<\/p>\n","protected":false},"author":1,"featured_media":0,"comment_status":"open","ping_status":"closed","sticky":false,"template":"","format":"standard","meta":{"footnotes":""},"categories":[4],"tags":[592],"class_list":["post-4368","post","type-post","status-publish","format-standard","hentry","category-berlin","tag-auguststrase"],"_links":{"self":[{"href":"https:\/\/mitue.de\/index.php?rest_route=\/wp\/v2\/posts\/4368","targetHints":{"allow":["GET"]}}],"collection":[{"href":"https:\/\/mitue.de\/index.php?rest_route=\/wp\/v2\/posts"}],"about":[{"href":"https:\/\/mitue.de\/index.php?rest_route=\/wp\/v2\/types\/post"}],"author":[{"embeddable":true,"href":"https:\/\/mitue.de\/index.php?rest_route=\/wp\/v2\/users\/1"}],"replies":[{"embeddable":true,"href":"https:\/\/mitue.de\/index.php?rest_route=%2Fwp%2Fv2%2Fcomments&post=4368"}],"version-history":[{"count":1,"href":"https:\/\/mitue.de\/index.php?rest_route=\/wp\/v2\/posts\/4368\/revisions"}],"predecessor-version":[{"id":4369,"href":"https:\/\/mitue.de\/index.php?rest_route=\/wp\/v2\/posts\/4368\/revisions\/4369"}],"wp:attachment":[{"href":"https:\/\/mitue.de\/index.php?rest_route=%2Fwp%2Fv2%2Fmedia&parent=4368"}],"wp:term":[{"taxonomy":"category","embeddable":true,"href":"https:\/\/mitue.de\/index.php?rest_route=%2Fwp%2Fv2%2Fcategories&post=4368"},{"taxonomy":"post_tag","embeddable":true,"href":"https:\/\/mitue.de\/index.php?rest_route=%2Fwp%2Fv2%2Ftags&post=4368"}],"curies":[{"name":"wp","href":"https:\/\/api.w.org\/{rel}","templated":true}]}}