{"id":4371,"date":"2014-10-24T21:25:20","date_gmt":"2014-10-24T20:25:20","guid":{"rendered":"http:\/\/mitue.de\/?p=4371"},"modified":"2014-10-24T21:25:20","modified_gmt":"2014-10-24T20:25:20","slug":"glockner-in-der-villa","status":"publish","type":"post","link":"https:\/\/mitue.de\/?p=4371","title":{"rendered":"Gl\u00f6ckner in der Villa"},"content":{"rendered":"<p><a href=\"https:\/\/www.flickr.com\/photos\/mitue\/15432622190\" title=\"Gl\u00f6ckner by Michael T., on Flickr\"><img loading=\"lazy\" decoding=\"async\" src=\"https:\/\/farm6.staticflickr.com\/5600\/15432622190_b9c617c57a.jpg\" width=\"500\" height=\"396\" alt=\"Gl\u00f6ckner\"><\/a><\/p>\n<blockquote><p>\u201eMillionenfach herzliche Gl\u00fcckw\u00fcnsche f\u00fcr Walter Ulbricht\u201c titelte die S\u00e4chsische Zeitung am 1. Juli 1968. Hermann Gl\u00f6ckner versieht den Aufmacher ein halbes Jahr sp\u00e4ter mit einer schwarzen Diagonale. Streng linear zur einen, wie ausgefranst zur anderen Seite. Ein ebenso lapidarer wie pr\u00e4gnanter Strich durch die Propaganda-Rechnung. Zur Entstehungszeit hatte der K\u00fcnstler seinen 80. Geburtstag begangen. Das Dresdner Kupferstichkabinett oder genauer gesagt dessen verdienter Direktor Werner Schmidt widmete ihm zum Jubil\u00e4um eine Ausstellung. Die erste offizielle zu DDR-Zeiten \u00fcberhaupt.(mehr <a href=\"http:\/\/www.tagesspiegel.de\/kultur\/hermann-gloeckner-in-der-villa-grisebach-kartons-koerper-maehmaschinen\/10823844.html\">hier<\/a>)<\/p><\/blockquote>\n<p align=\"left\"><a href=\"http:\/\/www.welt.de\/kultur\/kunst-und-architektur\/article133256550\/Ein-Jahrhundertkuenstler-von-Dresdner-Spielart.html\">Ein Jahrhundertk\u00fcnstler von Dresdener Spielart<\/a> <\/p>\n","protected":false},"excerpt":{"rendered":"<p>\u201eMillionenfach herzliche Gl\u00fcckw\u00fcnsche f\u00fcr Walter Ulbricht\u201c titelte die S\u00e4chsische Zeitung am 1. Juli 1968. Hermann Gl\u00f6ckner versieht den Aufmacher ein halbes Jahr sp\u00e4ter mit einer schwarzen Diagonale. Streng linear zur einen, wie ausgefranst zur anderen Seite. Ein ebenso lapidarer wie pr\u00e4gnanter Strich durch die Propaganda-Rechnung. Zur Entstehungszeit hatte der K\u00fcnstler seinen 80. Geburtstag begangen. Das [&hellip;]<\/p>\n","protected":false},"author":1,"featured_media":0,"comment_status":"open","ping_status":"closed","sticky":false,"template":"","format":"standard","meta":{"footnotes":""},"categories":[5],"tags":[],"class_list":["post-4371","post","type-post","status-publish","format-standard","hentry","category-ausstellungen"],"_links":{"self":[{"href":"https:\/\/mitue.de\/index.php?rest_route=\/wp\/v2\/posts\/4371","targetHints":{"allow":["GET"]}}],"collection":[{"href":"https:\/\/mitue.de\/index.php?rest_route=\/wp\/v2\/posts"}],"about":[{"href":"https:\/\/mitue.de\/index.php?rest_route=\/wp\/v2\/types\/post"}],"author":[{"embeddable":true,"href":"https:\/\/mitue.de\/index.php?rest_route=\/wp\/v2\/users\/1"}],"replies":[{"embeddable":true,"href":"https:\/\/mitue.de\/index.php?rest_route=%2Fwp%2Fv2%2Fcomments&post=4371"}],"version-history":[{"count":1,"href":"https:\/\/mitue.de\/index.php?rest_route=\/wp\/v2\/posts\/4371\/revisions"}],"predecessor-version":[{"id":4372,"href":"https:\/\/mitue.de\/index.php?rest_route=\/wp\/v2\/posts\/4371\/revisions\/4372"}],"wp:attachment":[{"href":"https:\/\/mitue.de\/index.php?rest_route=%2Fwp%2Fv2%2Fmedia&parent=4371"}],"wp:term":[{"taxonomy":"category","embeddable":true,"href":"https:\/\/mitue.de\/index.php?rest_route=%2Fwp%2Fv2%2Fcategories&post=4371"},{"taxonomy":"post_tag","embeddable":true,"href":"https:\/\/mitue.de\/index.php?rest_route=%2Fwp%2Fv2%2Ftags&post=4371"}],"curies":[{"name":"wp","href":"https:\/\/api.w.org\/{rel}","templated":true}]}}