{"id":4437,"date":"2014-12-06T18:13:32","date_gmt":"2014-12-06T17:13:32","guid":{"rendered":"http:\/\/mitue.de\/?p=4437"},"modified":"2014-12-06T18:14:24","modified_gmt":"2014-12-06T17:14:24","slug":"das-innere","status":"publish","type":"post","link":"https:\/\/mitue.de\/?p=4437","title":{"rendered":"Das Innere"},"content":{"rendered":"<blockquote><p>&#8222;Mir ist es Wurst, ob das Kunst ist, die Menschen sollen sich einfach mit dem Thema befassen&#8220;, sagt Schneider. Auch in Deutschland wird man sich damit befassen k\u00f6nnen, denn der K\u00fcnstler plant, den Lkw Anfang Dezember vor die Berliner Volksb\u00fchne zu stellen.<br \/>\n(mehr <a href=\"http:\/\/www.welt.de\/kultur\/kunst-und-architektur\/article134854156\/Nun-hat-also-Warschau-den-Goebbels-Schutt.html\">hier<\/a>)<\/p><\/blockquote>\n<p><a title=\"Schutt aus Goebbels Geburtshaus by Michael T., on Flickr\" href=\"https:\/\/www.flickr.com\/photos\/mitue\/15774358157\"><img loading=\"lazy\" decoding=\"async\" src=\"https:\/\/farm8.staticflickr.com\/7576\/15774358157_c202de4b05.jpg\" alt=\"Schutt aus Goebbels Geburtshaus\" width=\"500\" height=\"282\" \/><\/a><\/p>\n<p align=\"left\"><a href=\"http:\/\/www.art-magazin.de\/szene\/77976\/gregor_schneider_interview\">Ein Interview<\/a> mit <a href=\"http:\/\/www.gregorschneider.de\/\">Gregor Schneider<\/a> zum Projekt<\/p>\n","protected":false},"excerpt":{"rendered":"<p>&#8222;Mir ist es Wurst, ob das Kunst ist, die Menschen sollen sich einfach mit dem Thema befassen&#8220;, sagt Schneider. Auch in Deutschland wird man sich damit befassen k\u00f6nnen, denn der K\u00fcnstler plant, den Lkw Anfang Dezember vor die Berliner Volksb\u00fchne zu stellen. (mehr hier) Ein Interview mit Gregor Schneider zum Projekt<\/p>\n","protected":false},"author":1,"featured_media":0,"comment_status":"open","ping_status":"closed","sticky":false,"template":"","format":"standard","meta":{"footnotes":""},"categories":[3],"tags":[],"class_list":["post-4437","post","type-post","status-publish","format-standard","hentry","category-kunst-im-offentlichen-raum"],"_links":{"self":[{"href":"https:\/\/mitue.de\/index.php?rest_route=\/wp\/v2\/posts\/4437","targetHints":{"allow":["GET"]}}],"collection":[{"href":"https:\/\/mitue.de\/index.php?rest_route=\/wp\/v2\/posts"}],"about":[{"href":"https:\/\/mitue.de\/index.php?rest_route=\/wp\/v2\/types\/post"}],"author":[{"embeddable":true,"href":"https:\/\/mitue.de\/index.php?rest_route=\/wp\/v2\/users\/1"}],"replies":[{"embeddable":true,"href":"https:\/\/mitue.de\/index.php?rest_route=%2Fwp%2Fv2%2Fcomments&post=4437"}],"version-history":[{"count":2,"href":"https:\/\/mitue.de\/index.php?rest_route=\/wp\/v2\/posts\/4437\/revisions"}],"predecessor-version":[{"id":4439,"href":"https:\/\/mitue.de\/index.php?rest_route=\/wp\/v2\/posts\/4437\/revisions\/4439"}],"wp:attachment":[{"href":"https:\/\/mitue.de\/index.php?rest_route=%2Fwp%2Fv2%2Fmedia&parent=4437"}],"wp:term":[{"taxonomy":"category","embeddable":true,"href":"https:\/\/mitue.de\/index.php?rest_route=%2Fwp%2Fv2%2Fcategories&post=4437"},{"taxonomy":"post_tag","embeddable":true,"href":"https:\/\/mitue.de\/index.php?rest_route=%2Fwp%2Fv2%2Ftags&post=4437"}],"curies":[{"name":"wp","href":"https:\/\/api.w.org\/{rel}","templated":true}]}}