{"id":4455,"date":"2014-12-20T17:34:24","date_gmt":"2014-12-20T16:34:24","guid":{"rendered":"http:\/\/mitue.de\/?p=4455"},"modified":"2014-12-20T17:34:24","modified_gmt":"2014-12-20T16:34:24","slug":"im-salon-fuchs","status":"publish","type":"post","link":"https:\/\/mitue.de\/?p=4455","title":{"rendered":"Im Salon Fuchs"},"content":{"rendered":"<blockquote><p><a href=\"http:\/\/www.michaelfuchsgalerie.com\/de\/ausstellungen\/aktuell.html\">&#8222;SALON&#8220; ist eine Ausstellung<\/a>, die sich der Durchdringung von Kunst und Lebenswelt auf eine ganz eigene Art n\u00e4hert. Sie entwirft und inszeniert durch ihr Interieur ein Leben f\u00fcr die Kunst und in der Kunst; was erg\u00e4nzt wird durch das Bestreben entgegen dem scheinbaren Widerspruch Epochen miteinander zu verbinden. Die Installation soll in die reale Welt einer imagin\u00e4ren Gesellschaft einf\u00fchren. <\/p><\/blockquote>\n<p align=\"left\">Kommen sie herein und legen sie ab!<\/p>\n<p><a href=\"https:\/\/www.flickr.com\/photos\/mitue\/15876722488\" title=\"Im Salon Fuchs 1 by Michael T., on Flickr\"><img loading=\"lazy\" decoding=\"async\" src=\"https:\/\/farm8.staticflickr.com\/7481\/15876722488_3c95e4cfd7.jpg\" width=\"500\" height=\"339\" alt=\"Im Salon Fuchs 1\"><\/a><\/p>\n<p><a href=\"https:\/\/www.flickr.com\/photos\/mitue\/15876881380\" title=\"Im Salon Fuchs 2 by Michael T., on Flickr\"><img loading=\"lazy\" decoding=\"async\" src=\"https:\/\/farm9.staticflickr.com\/8673\/15876881380_3657076a6f.jpg\" width=\"500\" height=\"436\" alt=\"Im Salon Fuchs 2\"><\/a><\/p>\n<p><a href=\"https:\/\/www.flickr.com\/photos\/mitue\/15878402787\" title=\"Im Salon Fuchs 3 by Michael T., on Flickr\"><img loading=\"lazy\" decoding=\"async\" src=\"https:\/\/farm8.staticflickr.com\/7563\/15878402787_653fb38456.jpg\" width=\"500\" height=\"428\" alt=\"Im Salon Fuchs 3\"><\/a><\/p>\n","protected":false},"excerpt":{"rendered":"<p>&#8222;SALON&#8220; ist eine Ausstellung, die sich der Durchdringung von Kunst und Lebenswelt auf eine ganz eigene Art n\u00e4hert. Sie entwirft und inszeniert durch ihr Interieur ein Leben f\u00fcr die Kunst und in der Kunst; was erg\u00e4nzt wird durch das Bestreben entgegen dem scheinbaren Widerspruch Epochen miteinander zu verbinden. Die Installation soll in die reale Welt [&hellip;]<\/p>\n","protected":false},"author":1,"featured_media":0,"comment_status":"open","ping_status":"closed","sticky":false,"template":"","format":"standard","meta":{"footnotes":""},"categories":[5],"tags":[596],"class_list":["post-4455","post","type-post","status-publish","format-standard","hentry","category-ausstellungen","tag-galerie-michael-fuchs"],"_links":{"self":[{"href":"https:\/\/mitue.de\/index.php?rest_route=\/wp\/v2\/posts\/4455","targetHints":{"allow":["GET"]}}],"collection":[{"href":"https:\/\/mitue.de\/index.php?rest_route=\/wp\/v2\/posts"}],"about":[{"href":"https:\/\/mitue.de\/index.php?rest_route=\/wp\/v2\/types\/post"}],"author":[{"embeddable":true,"href":"https:\/\/mitue.de\/index.php?rest_route=\/wp\/v2\/users\/1"}],"replies":[{"embeddable":true,"href":"https:\/\/mitue.de\/index.php?rest_route=%2Fwp%2Fv2%2Fcomments&post=4455"}],"version-history":[{"count":1,"href":"https:\/\/mitue.de\/index.php?rest_route=\/wp\/v2\/posts\/4455\/revisions"}],"predecessor-version":[{"id":4456,"href":"https:\/\/mitue.de\/index.php?rest_route=\/wp\/v2\/posts\/4455\/revisions\/4456"}],"wp:attachment":[{"href":"https:\/\/mitue.de\/index.php?rest_route=%2Fwp%2Fv2%2Fmedia&parent=4455"}],"wp:term":[{"taxonomy":"category","embeddable":true,"href":"https:\/\/mitue.de\/index.php?rest_route=%2Fwp%2Fv2%2Fcategories&post=4455"},{"taxonomy":"post_tag","embeddable":true,"href":"https:\/\/mitue.de\/index.php?rest_route=%2Fwp%2Fv2%2Ftags&post=4455"}],"curies":[{"name":"wp","href":"https:\/\/api.w.org\/{rel}","templated":true}]}}