{"id":457,"date":"2009-05-14T17:05:29","date_gmt":"2009-05-14T16:05:29","guid":{"rendered":"http:\/\/mitue.de\/?p=457"},"modified":"2009-05-14T17:05:29","modified_gmt":"2009-05-14T16:05:29","slug":"zeichnen-ist-eine-andere-art-sprache","status":"publish","type":"post","link":"https:\/\/mitue.de\/?p=457","title":{"rendered":"Zeichnen ist eine andere Art Sprache"},"content":{"rendered":"<p><a href=\"http:\/\/www.adk.de\/zeichnen\/zeichnen_Ausstellung.htm\"><strong>aus<br \/>\ngezeichnet<br \/>\nzeichnen<\/strong><\/a><\/p>\n<p>in der <a href=\"http:\/\/www.adk.de\/\">AdK am Hanseatenweg<\/a><\/p>\n<p><a title=\"Hanseatenweg by mitue, on Flickr\" href=\"http:\/\/www.flickr.com\/photos\/mitue\/3531399870\/\"><img loading=\"lazy\" decoding=\"async\" src=\"http:\/\/farm3.static.flickr.com\/2028\/3531399870_70a29dd139.jpg\" border=\"0\" alt=\"Hanseatenweg\" width=\"500\" height=\"333\" \/><\/a><\/p>\n<blockquote><p>Lese ich mich nicht in den St\u00e4dten an den Hausw\u00e4nden entlang, dann sind f\u00fcr mich die in den W\u00e4ldern in die Baumst\u00e4mme geschnittenen Rindenzeichen gewohnte Lekt\u00fcre. Solch fremde biographische Splitter f\u00fcgen sich mir zu pers\u00f6nlicher Chronik am Wegesrand.<br \/>\n(<a href=\"http:\/\/www.adk.de\/de\/akademie\/mitglieder\/index.htm?we_objectID=21554&amp;show=biographie\">Dorothee von Windheim<\/a> im <a href=\"https:\/\/www.fuerst-iven.de\/shop\/category_59\/aus_gezeichnet_zeichnen.html?sessid=num7V4u9mNSv3keRYAkLaEwKAhTqvejJdrp0WE3mi9knOGl6zLcq7xAnX7R538db&amp;shop_param=cid%3D%26\">Katalog der Ausstellung<\/a>)<\/p><\/blockquote>\n<p><a title=\"Wolf by mitue, on Flickr\" href=\"http:\/\/www.flickr.com\/photos\/mitue\/3419144020\/\"><img loading=\"lazy\" decoding=\"async\" src=\"http:\/\/farm4.static.flickr.com\/3654\/3419144020_858555358a.jpg\" border=\"0\" alt=\"Wolf\" width=\"500\" height=\"333\" \/><\/a><\/p>\n<p><a title=\"Zwischen den Schienen by mitue, on Flickr\" href=\"http:\/\/www.flickr.com\/photos\/mitue\/3419143016\/\"><img loading=\"lazy\" decoding=\"async\" src=\"http:\/\/farm4.static.flickr.com\/3617\/3419143016_37a682e78f.jpg\" border=\"0\" alt=\"Zwischen den Schienen\" width=\"500\" height=\"333\" \/><\/a><\/p>\n","protected":false},"excerpt":{"rendered":"<p>aus gezeichnet zeichnen in der AdK am Hanseatenweg Lese ich mich nicht in den St\u00e4dten an den Hausw\u00e4nden entlang, dann sind f\u00fcr mich die in den W\u00e4ldern in die Baumst\u00e4mme geschnittenen Rindenzeichen gewohnte Lekt\u00fcre. Solch fremde biographische Splitter f\u00fcgen sich mir zu pers\u00f6nlicher Chronik am Wegesrand. (Dorothee von Windheim im Katalog der Ausstellung)<\/p>\n","protected":false},"author":1,"featured_media":0,"comment_status":"open","ping_status":"open","sticky":false,"template":"","format":"standard","meta":{"footnotes":""},"categories":[5,6],"tags":[],"class_list":["post-457","post","type-post","status-publish","format-standard","hentry","category-ausstellungen","category-promenadologie"],"_links":{"self":[{"href":"https:\/\/mitue.de\/index.php?rest_route=\/wp\/v2\/posts\/457","targetHints":{"allow":["GET"]}}],"collection":[{"href":"https:\/\/mitue.de\/index.php?rest_route=\/wp\/v2\/posts"}],"about":[{"href":"https:\/\/mitue.de\/index.php?rest_route=\/wp\/v2\/types\/post"}],"author":[{"embeddable":true,"href":"https:\/\/mitue.de\/index.php?rest_route=\/wp\/v2\/users\/1"}],"replies":[{"embeddable":true,"href":"https:\/\/mitue.de\/index.php?rest_route=%2Fwp%2Fv2%2Fcomments&post=457"}],"version-history":[{"count":1,"href":"https:\/\/mitue.de\/index.php?rest_route=\/wp\/v2\/posts\/457\/revisions"}],"predecessor-version":[{"id":458,"href":"https:\/\/mitue.de\/index.php?rest_route=\/wp\/v2\/posts\/457\/revisions\/458"}],"wp:attachment":[{"href":"https:\/\/mitue.de\/index.php?rest_route=%2Fwp%2Fv2%2Fmedia&parent=457"}],"wp:term":[{"taxonomy":"category","embeddable":true,"href":"https:\/\/mitue.de\/index.php?rest_route=%2Fwp%2Fv2%2Fcategories&post=457"},{"taxonomy":"post_tag","embeddable":true,"href":"https:\/\/mitue.de\/index.php?rest_route=%2Fwp%2Fv2%2Ftags&post=457"}],"curies":[{"name":"wp","href":"https:\/\/api.w.org\/{rel}","templated":true}]}}