{"id":4708,"date":"2015-06-11T17:15:34","date_gmt":"2015-06-11T16:15:34","guid":{"rendered":"http:\/\/mitue.de\/?p=4708"},"modified":"2015-06-11T17:15:34","modified_gmt":"2015-06-11T16:15:34","slug":"frankische-artventures-ii","status":"publish","type":"post","link":"https:\/\/mitue.de\/?p=4708","title":{"rendered":"Fr\u00e4nkische ARTventures (II)"},"content":{"rendered":"<p align=\"left\">Der Karmeliten-Kreuzgang in Bamberg <\/p>\n<blockquote><p>Der Kreuzgang entstand im 14. Jahrhundert w\u00e4hrend der Regierungszeit des Bamberger Bischofs Lambert von Brunn, der als Kanzler Kaiser Karls IV. enge Beziehungen zum Kaiserhof in Prag hatte.<br \/>\nDer Kreuzgang hat eine Gr\u00f6\u00dfe von 25 m auf 35 m und zeichnet sich durch seine romanischen Arkadenb\u00f6gen aus goldbraunem Eisensandstein, seine S\u00e4ulenbasen mit Ecksporen, die romanischen Kapitelle in Kelchblockform und die im Stil zwischen Romanik und Gotik stehenden Kapitellplastiken aus. Man griff damals wohl bewusst auf den romanischen Baustil zur\u00fcck, um dem Kreuzgang ein ehrw\u00fcrdiges Aussehen zu geben. Die Anlage ist einer der besterhaltenen Kreuzg\u00e4nge der sp\u00e4ten Romanik beziehungsweise fr\u00fchen Gotik.<br \/>\n(mehr <a href=\"http:\/\/franken-wiki.de\/index.php\/Kloster_der_beschuhten_Karmeliten_%28Bamberg%29\">hier<\/a>)<\/p><\/blockquote>\n<p><a href=\"https:\/\/www.flickr.com\/photos\/mitue\/17898476389\" title=\"Bamberg0501 by Michael T., auf Flickr\"><img loading=\"lazy\" decoding=\"async\" src=\"https:\/\/c2.staticflickr.com\/6\/5322\/17898476389_46b032227b.jpg\" width=\"500\" height=\"426\" alt=\"Bamberg0501\"><\/a><\/p>\n<p><a href=\"https:\/\/www.flickr.com\/photos\/mitue\/18084182711\" title=\"Bamberg050 by Michael T., auf Flickr\"><img loading=\"lazy\" decoding=\"async\" src=\"https:\/\/c2.staticflickr.com\/6\/5467\/18084182711_48da6a80bc.jpg\" width=\"500\" height=\"257\" alt=\"Bamberg050\"><\/a><\/p>\n<p><a href=\"https:\/\/www.flickr.com\/photos\/mitue\/18080829382\" title=\"Bamberg054 by Michael T., auf Flickr\"><img loading=\"lazy\" decoding=\"async\" src=\"https:\/\/c2.staticflickr.com\/8\/7660\/18080829382_d07eae306e.jpg\" width=\"500\" height=\"372\" alt=\"Bamberg054\"><\/a><\/p>\n","protected":false},"excerpt":{"rendered":"<p>Der Karmeliten-Kreuzgang in Bamberg Der Kreuzgang entstand im 14. Jahrhundert w\u00e4hrend der Regierungszeit des Bamberger Bischofs Lambert von Brunn, der als Kanzler Kaiser Karls IV. enge Beziehungen zum Kaiserhof in Prag hatte. Der Kreuzgang hat eine Gr\u00f6\u00dfe von 25 m auf 35 m und zeichnet sich durch seine romanischen Arkadenb\u00f6gen aus goldbraunem Eisensandstein, seine S\u00e4ulenbasen [&hellip;]<\/p>\n","protected":false},"author":1,"featured_media":0,"comment_status":"open","ping_status":"closed","sticky":false,"template":"","format":"standard","meta":{"footnotes":""},"categories":[7],"tags":[611,610],"class_list":["post-4708","post","type-post","status-publish","format-standard","hentry","category-jwd","tag-bamberg","tag-franken"],"_links":{"self":[{"href":"https:\/\/mitue.de\/index.php?rest_route=\/wp\/v2\/posts\/4708","targetHints":{"allow":["GET"]}}],"collection":[{"href":"https:\/\/mitue.de\/index.php?rest_route=\/wp\/v2\/posts"}],"about":[{"href":"https:\/\/mitue.de\/index.php?rest_route=\/wp\/v2\/types\/post"}],"author":[{"embeddable":true,"href":"https:\/\/mitue.de\/index.php?rest_route=\/wp\/v2\/users\/1"}],"replies":[{"embeddable":true,"href":"https:\/\/mitue.de\/index.php?rest_route=%2Fwp%2Fv2%2Fcomments&post=4708"}],"version-history":[{"count":1,"href":"https:\/\/mitue.de\/index.php?rest_route=\/wp\/v2\/posts\/4708\/revisions"}],"predecessor-version":[{"id":4709,"href":"https:\/\/mitue.de\/index.php?rest_route=\/wp\/v2\/posts\/4708\/revisions\/4709"}],"wp:attachment":[{"href":"https:\/\/mitue.de\/index.php?rest_route=%2Fwp%2Fv2%2Fmedia&parent=4708"}],"wp:term":[{"taxonomy":"category","embeddable":true,"href":"https:\/\/mitue.de\/index.php?rest_route=%2Fwp%2Fv2%2Fcategories&post=4708"},{"taxonomy":"post_tag","embeddable":true,"href":"https:\/\/mitue.de\/index.php?rest_route=%2Fwp%2Fv2%2Ftags&post=4708"}],"curies":[{"name":"wp","href":"https:\/\/api.w.org\/{rel}","templated":true}]}}