{"id":4755,"date":"2015-07-05T16:51:56","date_gmt":"2015-07-05T15:51:56","guid":{"rendered":"http:\/\/mitue.de\/?p=4755"},"modified":"2015-07-05T16:51:56","modified_gmt":"2015-07-05T15:51:56","slug":"der-nabel-der-avantgarde","status":"publish","type":"post","link":"https:\/\/mitue.de\/?p=4755","title":{"rendered":"Der Nabel der Avantgarde"},"content":{"rendered":"<p><a href=\"https:\/\/www.flickr.com\/photos\/mitue\/19250958150\" title=\"2015070508 by Michael T., auf Flickr\"><img loading=\"lazy\" decoding=\"async\" src=\"https:\/\/c2.staticflickr.com\/4\/3705\/19250958150_8249289b0f.jpg\" width=\"500\" height=\"333\" alt=\"2015070508\"><\/a><\/p>\n<p align=\"left\"><a href=\"http:\/\/www.museumsjournal.de\/leseprobe.html?NID=20156271\">Hans Arp im Georg-Kolbe-Museum<\/a>  <\/p>\n<p><a href=\"https:\/\/www.flickr.com\/photos\/mitue\/18816047944\" title=\"2015070504 by Michael T., auf Flickr\"><img loading=\"lazy\" decoding=\"async\" src=\"https:\/\/c1.staticflickr.com\/1\/367\/18816047944_7efaa4b85d.jpg\" width=\"500\" height=\"428\" alt=\"2015070504\"><\/a><\/p>\n<p><a href=\"https:\/\/www.flickr.com\/photos\/mitue\/19412462716\" title=\"2015070507 by Michael T., auf Flickr\"><img loading=\"lazy\" decoding=\"async\" src=\"https:\/\/c1.staticflickr.com\/1\/290\/19412462716_34cbab7721.jpg\" width=\"500\" height=\"404\" alt=\"2015070507\"><\/a><\/p>\n<blockquote><p>Hans oder Jean Arp, wie sich der geb\u00fcrtige Stra\u00dfburger auch nannte, der 1926 franz\u00f6sischer Staatsb\u00fcrger wurde, ist ein Ph\u00e4nomen unter den Gro\u00dfen der klassischen Moderne. K\u00fcnstlerisch blieb sich der \u00fcberzeugte Pazifist, der im schweizerischen Exil 1916 die Dada-Bewegung mitbegr\u00fcndete, statt in den Weltkrieg zu ziehen, stets treu. Immer klarer entwickelte der Maler, Grafiker, Bildhauer und Dichter eine Vorliebe f\u00fcr elementare Formen und Symbole, f\u00fcr die Analogien und \u00dcberg\u00e4nge zwischen Dingwelt, Mensch und Natur. \u201eEr erinnerte mich an eine Art Hindu-Philosoph\u201c, so der 92-j\u00e4hrige Ellsworth Kelly sp\u00e4ter, der Arp um 1950 einige Male in Paris traf.<br \/>\n(mehr <a href=\"http:\/\/www.tagesspiegel.de\/kultur\/ausstellung-hans-arp-der-nabel-der-avantgarde-die-urform-des-ovals\/11991418.html\">hier<\/a>)<\/p><\/blockquote>\n","protected":false},"excerpt":{"rendered":"<p>Hans Arp im Georg-Kolbe-Museum Hans oder Jean Arp, wie sich der geb\u00fcrtige Stra\u00dfburger auch nannte, der 1926 franz\u00f6sischer Staatsb\u00fcrger wurde, ist ein Ph\u00e4nomen unter den Gro\u00dfen der klassischen Moderne. K\u00fcnstlerisch blieb sich der \u00fcberzeugte Pazifist, der im schweizerischen Exil 1916 die Dada-Bewegung mitbegr\u00fcndete, statt in den Weltkrieg zu ziehen, stets treu. Immer klarer entwickelte der [&hellip;]<\/p>\n","protected":false},"author":1,"featured_media":0,"comment_status":"open","ping_status":"closed","sticky":false,"template":"","format":"standard","meta":{"footnotes":""},"categories":[5],"tags":[616],"class_list":["post-4755","post","type-post","status-publish","format-standard","hentry","category-ausstellungen","tag-hans-arp"],"_links":{"self":[{"href":"https:\/\/mitue.de\/index.php?rest_route=\/wp\/v2\/posts\/4755","targetHints":{"allow":["GET"]}}],"collection":[{"href":"https:\/\/mitue.de\/index.php?rest_route=\/wp\/v2\/posts"}],"about":[{"href":"https:\/\/mitue.de\/index.php?rest_route=\/wp\/v2\/types\/post"}],"author":[{"embeddable":true,"href":"https:\/\/mitue.de\/index.php?rest_route=\/wp\/v2\/users\/1"}],"replies":[{"embeddable":true,"href":"https:\/\/mitue.de\/index.php?rest_route=%2Fwp%2Fv2%2Fcomments&post=4755"}],"version-history":[{"count":1,"href":"https:\/\/mitue.de\/index.php?rest_route=\/wp\/v2\/posts\/4755\/revisions"}],"predecessor-version":[{"id":4756,"href":"https:\/\/mitue.de\/index.php?rest_route=\/wp\/v2\/posts\/4755\/revisions\/4756"}],"wp:attachment":[{"href":"https:\/\/mitue.de\/index.php?rest_route=%2Fwp%2Fv2%2Fmedia&parent=4755"}],"wp:term":[{"taxonomy":"category","embeddable":true,"href":"https:\/\/mitue.de\/index.php?rest_route=%2Fwp%2Fv2%2Fcategories&post=4755"},{"taxonomy":"post_tag","embeddable":true,"href":"https:\/\/mitue.de\/index.php?rest_route=%2Fwp%2Fv2%2Ftags&post=4755"}],"curies":[{"name":"wp","href":"https:\/\/api.w.org\/{rel}","templated":true}]}}