{"id":4862,"date":"2015-09-01T18:03:39","date_gmt":"2015-09-01T17:03:39","guid":{"rendered":"http:\/\/mitue.de\/?p=4862"},"modified":"2015-09-01T18:03:39","modified_gmt":"2015-09-01T17:03:39","slug":"prager-kunstspaziergange-2","status":"publish","type":"post","link":"https:\/\/mitue.de\/?p=4862","title":{"rendered":"Prager Kunstspazierg\u00e4nge (2)"},"content":{"rendered":"<p><a href=\"https:\/\/www.flickr.com\/photos\/mitue\/20876128928\/in\/dateposted\/\" title=\"Prag036\"><img loading=\"lazy\" decoding=\"async\" src=\"https:\/\/farm6.staticflickr.com\/5649\/20876128928_a4caf535d4.jpg\" width=\"500\" height=\"333\" alt=\"Prag036\"><\/a><\/p>\n<p align=\"left\"><a href=\"http:\/\/www.prague.eu\/de\/veranstaltung\/3805\/mysterious-distances-symbolism-in-bohemian-lands-1880-1914?back=1\">Mysteri\u00f6se Entfernungen<\/a>:<br \/>\nSymbolismus in den b\u00f6hmischen L\u00e4ndern (1880 &#8211; 1914)<br \/>\nEine Ausstellung der Prager Nationalgalerie im Agneskloster<\/p>\n<p><a href=\"https:\/\/www.flickr.com\/photos\/mitue\/20876117398\/in\/dateposted\/\" title=\"Poet und Muse (Der Absinthtrinker)\"><img loading=\"lazy\" decoding=\"async\" src=\"https:\/\/farm1.staticflickr.com\/623\/20876117398_c87daae9df.jpg\" width=\"500\" height=\"375\" alt=\"Poet und Muse (Der Absinthtrinker)\"><\/a><br \/>\nViktor Oliva, ca. 1910<\/p>\n<p><a href=\"https:\/\/www.flickr.com\/photos\/mitue\/21071654471\/in\/dateposted\/\" title=\"Amazement\"><img loading=\"lazy\" decoding=\"async\" src=\"https:\/\/farm1.staticflickr.com\/713\/21071654471_3455725e86.jpg\" width=\"500\" height=\"343\" alt=\"Amazement\"><\/a><br \/>\nFrantisek Bilek, 1907<\/p>\n<blockquote><p>Der Symbolismus markiert einen Meilenstein in der tschechischen Kunstgeschichte, da sich mit dieser Str\u00f6mung die K\u00fcnstler erstmals internationalen Tendenzen \u00f6ffneten. Damit \u00fcberschritt die bildende Kunst an der Schwelle zwischen dem 19. und dem 20. Jahrhundert nationale Schranken und wurde Teil einer mitteleurop\u00e4ischen Szene.<br \/>\n(<a href=\"http:\/\/www.pragerzeitung.cz\/index.php\/prag-er-leben\/ausstellungen\/19306-sehnsucht-nach-entgrenzung\">Prager Zeitung<\/a>)\n<\/p><\/blockquote>\n","protected":false},"excerpt":{"rendered":"<p>Mysteri\u00f6se Entfernungen: Symbolismus in den b\u00f6hmischen L\u00e4ndern (1880 &#8211; 1914) Eine Ausstellung der Prager Nationalgalerie im Agneskloster Viktor Oliva, ca. 1910 Frantisek Bilek, 1907 Der Symbolismus markiert einen Meilenstein in der tschechischen Kunstgeschichte, da sich mit dieser Str\u00f6mung die K\u00fcnstler erstmals internationalen Tendenzen \u00f6ffneten. Damit \u00fcberschritt die bildende Kunst an der Schwelle zwischen dem 19. [&hellip;]<\/p>\n","protected":false},"author":1,"featured_media":0,"comment_status":"open","ping_status":"closed","sticky":false,"template":"","format":"standard","meta":{"footnotes":""},"categories":[5,7],"tags":[545],"class_list":["post-4862","post","type-post","status-publish","format-standard","hentry","category-ausstellungen","category-jwd","tag-prag"],"_links":{"self":[{"href":"https:\/\/mitue.de\/index.php?rest_route=\/wp\/v2\/posts\/4862","targetHints":{"allow":["GET"]}}],"collection":[{"href":"https:\/\/mitue.de\/index.php?rest_route=\/wp\/v2\/posts"}],"about":[{"href":"https:\/\/mitue.de\/index.php?rest_route=\/wp\/v2\/types\/post"}],"author":[{"embeddable":true,"href":"https:\/\/mitue.de\/index.php?rest_route=\/wp\/v2\/users\/1"}],"replies":[{"embeddable":true,"href":"https:\/\/mitue.de\/index.php?rest_route=%2Fwp%2Fv2%2Fcomments&post=4862"}],"version-history":[{"count":1,"href":"https:\/\/mitue.de\/index.php?rest_route=\/wp\/v2\/posts\/4862\/revisions"}],"predecessor-version":[{"id":4863,"href":"https:\/\/mitue.de\/index.php?rest_route=\/wp\/v2\/posts\/4862\/revisions\/4863"}],"wp:attachment":[{"href":"https:\/\/mitue.de\/index.php?rest_route=%2Fwp%2Fv2%2Fmedia&parent=4862"}],"wp:term":[{"taxonomy":"category","embeddable":true,"href":"https:\/\/mitue.de\/index.php?rest_route=%2Fwp%2Fv2%2Fcategories&post=4862"},{"taxonomy":"post_tag","embeddable":true,"href":"https:\/\/mitue.de\/index.php?rest_route=%2Fwp%2Fv2%2Ftags&post=4862"}],"curies":[{"name":"wp","href":"https:\/\/api.w.org\/{rel}","templated":true}]}}