{"id":4872,"date":"2015-09-06T09:46:14","date_gmt":"2015-09-06T08:46:14","guid":{"rendered":"http:\/\/mitue.de\/?p=4872"},"modified":"2015-09-06T09:46:14","modified_gmt":"2015-09-06T08:46:14","slug":"prager-kunstspaziergange-6","status":"publish","type":"post","link":"https:\/\/mitue.de\/?p=4872","title":{"rendered":"Prager Kunstspazierg\u00e4nge (6)"},"content":{"rendered":"<p align=\"left\">Der <a href=\"http:\/\/www.kafkaesk.de\/kafka-und-prag\/prag-literatur\/golemsage\/ursprung-golemsage-p.html\">Golem<\/a> ist ab dem fr\u00fchen Mittelalter in Mitteleuropa die Bezeichnung f\u00fcr eine Figur der j\u00fcdischen Literatur und Mystik. Dabei handelt es sich um ein von Weisen mittels Buchstabenmystik aus Lehm gebildetes stummes menschen\u00e4hnliches Wesen, das oft gewaltige Gr\u00f6\u00dfe und Kraft besitzt und Auftr\u00e4ge ausf\u00fchren kann.<br \/>\n(<a href=\"https:\/\/de.wikipedia.org\/wiki\/Golem#Der_Golem_der_deutschen_Romantik\">Wikipedia<\/a>)<\/p>\n<p><a href=\"https:\/\/www.flickr.com\/photos\/mitue\/21064010725\/in\/dateposted\/\" title=\"Golem\"><img loading=\"lazy\" decoding=\"async\" src=\"https:\/\/farm6.staticflickr.com\/5639\/21064010725_9ef01b9354.jpg\" width=\"500\" height=\"333\" alt=\"Golem\"><\/a><\/p>\n<blockquote><p>Es hei\u00dft, Rabbi L\u00f6w habe dem Golem einen Zettel am Kopf befestigt, das &#8222;Siegel der Wahrheit&#8220;. Es soll das hebr\u00e4ische Wort f\u00fcr Wahrheit, transkribiert &#8222;emeth&#8220; enthalten haben. Entfernte man den Zettel, erstarrte der Golem: Entfernte man jedoch nur den ersten Buchstaben, blieb das Wort &#8222;meth&#8220; \u00fcbrig: &#8222;Tod&#8220;. Der Golem zerfiel dann &#8211; es war eine Art Sicherheitsabschaltung f\u00fcr das Monster. Fortan patrouillierte der Riese aus Lehm durch das Judenviertel und hinderte Antisemiten mit seinen unmenschlichen Kr\u00e4ften an Gewaltakten und auch daran, dort tote Babys abzulegen. Jeweils am heiligen Sabbat nahm Rabbi L\u00f6w den Zettel vom Kopf des Golems ab und legte ihn damit still.<br \/>\n(mehr <a href=\"http:\/\/www.abendblatt.de\/vermischtes\/journal\/article107518668\/Mythos-Jeder-braucht-seinen-Golem.html\">hier<\/a>)<\/p><\/blockquote>\n<p><a href=\"http:\/\/www.openculture.com\/2012\/04\/the_pixies_black_francis_creates_soundtrack_for_famous_german_expressionist_film_ithe_golemi.html\">Der Golem<\/a><\/p>\n","protected":false},"excerpt":{"rendered":"<p>Der Golem ist ab dem fr\u00fchen Mittelalter in Mitteleuropa die Bezeichnung f\u00fcr eine Figur der j\u00fcdischen Literatur und Mystik. Dabei handelt es sich um ein von Weisen mittels Buchstabenmystik aus Lehm gebildetes stummes menschen\u00e4hnliches Wesen, das oft gewaltige Gr\u00f6\u00dfe und Kraft besitzt und Auftr\u00e4ge ausf\u00fchren kann. (Wikipedia) Es hei\u00dft, Rabbi L\u00f6w habe dem Golem einen [&hellip;]<\/p>\n","protected":false},"author":1,"featured_media":0,"comment_status":"open","ping_status":"closed","sticky":false,"template":"","format":"standard","meta":{"footnotes":""},"categories":[7],"tags":[545],"class_list":["post-4872","post","type-post","status-publish","format-standard","hentry","category-jwd","tag-prag"],"_links":{"self":[{"href":"https:\/\/mitue.de\/index.php?rest_route=\/wp\/v2\/posts\/4872","targetHints":{"allow":["GET"]}}],"collection":[{"href":"https:\/\/mitue.de\/index.php?rest_route=\/wp\/v2\/posts"}],"about":[{"href":"https:\/\/mitue.de\/index.php?rest_route=\/wp\/v2\/types\/post"}],"author":[{"embeddable":true,"href":"https:\/\/mitue.de\/index.php?rest_route=\/wp\/v2\/users\/1"}],"replies":[{"embeddable":true,"href":"https:\/\/mitue.de\/index.php?rest_route=%2Fwp%2Fv2%2Fcomments&post=4872"}],"version-history":[{"count":1,"href":"https:\/\/mitue.de\/index.php?rest_route=\/wp\/v2\/posts\/4872\/revisions"}],"predecessor-version":[{"id":4873,"href":"https:\/\/mitue.de\/index.php?rest_route=\/wp\/v2\/posts\/4872\/revisions\/4873"}],"wp:attachment":[{"href":"https:\/\/mitue.de\/index.php?rest_route=%2Fwp%2Fv2%2Fmedia&parent=4872"}],"wp:term":[{"taxonomy":"category","embeddable":true,"href":"https:\/\/mitue.de\/index.php?rest_route=%2Fwp%2Fv2%2Fcategories&post=4872"},{"taxonomy":"post_tag","embeddable":true,"href":"https:\/\/mitue.de\/index.php?rest_route=%2Fwp%2Fv2%2Ftags&post=4872"}],"curies":[{"name":"wp","href":"https:\/\/api.w.org\/{rel}","templated":true}]}}