{"id":4923,"date":"2015-10-04T09:02:52","date_gmt":"2015-10-04T08:02:52","guid":{"rendered":"http:\/\/mitue.de\/?p=4923"},"modified":"2015-10-04T09:02:52","modified_gmt":"2015-10-04T08:02:52","slug":"brandenburger-roland","status":"publish","type":"post","link":"https:\/\/mitue.de\/?p=4923","title":{"rendered":"Brandenburger Roland"},"content":{"rendered":"<p><a href=\"https:\/\/www.flickr.com\/photos\/mitue\/21311446323\/in\/photostream\/\" title=\"Brandenburg33\"><img loading=\"lazy\" decoding=\"async\" src=\"https:\/\/farm6.staticflickr.com\/5801\/21311446323_146fe5f338.jpg\" width=\"500\" height=\"333\" alt=\"Brandenburg33\"><\/a><\/p>\n<p align=\"left\">Die Figur des christlichen Helden <a href=\"https:\/\/de.wikipedia.org\/wiki\/Roland_(Statue)\">Roland<\/a> wurde durch das Rolandslied, eine anonyme Dichtung des 12. Jhs., als treuer Paladin Karls des Gro\u00dfen popul\u00e4r. Rolandstatuen wurden seit der Zeit Kaiser Karls IV. vor allem in Nordwestdeutschland als Symbole des K\u00f6nigsschutzes \u00fcber M\u00e4rkten aufgestellt und symbolisieren die st\u00e4dtischen Freiheiten.<br \/>\nSeit 1402 ist ein Roland in der Neustadt Brandenburg nachweisbar. Die heutige 5,3 m hohe Sandsteinstatue mit`R\u00fcstung und erhobenem Schwert stammt aus dem Jahre 1474 und geh\u00f6rt zu den \u00e4ltesten erhaltenen Roland?guren. Sie stand urspr\u00fcnglich auf dem Neust\u00e4dtischen Markt. Weil sie dort das preu\u00dfische Milit\u00e4r beim Exerzieren st\u00f6rte. wurde sie 1716 vor das Neust\u00e4dtische Rathaus versetzt, nach dessen Zerst\u00f6rung im Zweiten Weltkrieg 1946 vor das Altst\u00e4dtische Rathaus. Renoviert 1556, farbig neugefasst 1709, steinsichtig restauriert 1930. ln einer Mulde auf dem Kopf der Figur w\u00e4chst das sogenannte \u201eDonnerkraut&#8220; (Hauswurz), das vor Blitzschlag sch\u00fctzen soll.<br \/>\n(Quelle: Erkl\u00e4rungstafel am Rathausportal)<\/p>\n<p><a href=\"https:\/\/www.flickr.com\/photos\/mitue\/21745701389\/in\/dateposted\/\" title=\"ROLAND DER NEUSTADT\"><img loading=\"lazy\" decoding=\"async\" src=\"https:\/\/farm6.staticflickr.com\/5772\/21745701389_a605e40b73.jpg\" width=\"500\" height=\"333\" alt=\"ROLAND DER NEUSTADT\"><\/a><\/p>\n","protected":false},"excerpt":{"rendered":"<p>Die Figur des christlichen Helden Roland wurde durch das Rolandslied, eine anonyme Dichtung des 12. Jhs., als treuer Paladin Karls des Gro\u00dfen popul\u00e4r. Rolandstatuen wurden seit der Zeit Kaiser Karls IV. vor allem in Nordwestdeutschland als Symbole des K\u00f6nigsschutzes \u00fcber M\u00e4rkten aufgestellt und symbolisieren die st\u00e4dtischen Freiheiten. Seit 1402 ist ein Roland in der Neustadt [&hellip;]<\/p>\n","protected":false},"author":1,"featured_media":0,"comment_status":"open","ping_status":"closed","sticky":false,"template":"","format":"standard","meta":{"footnotes":""},"categories":[27],"tags":[624],"class_list":["post-4923","post","type-post","status-publish","format-standard","hentry","category-berliner-umgebung","tag-brandenburg"],"_links":{"self":[{"href":"https:\/\/mitue.de\/index.php?rest_route=\/wp\/v2\/posts\/4923","targetHints":{"allow":["GET"]}}],"collection":[{"href":"https:\/\/mitue.de\/index.php?rest_route=\/wp\/v2\/posts"}],"about":[{"href":"https:\/\/mitue.de\/index.php?rest_route=\/wp\/v2\/types\/post"}],"author":[{"embeddable":true,"href":"https:\/\/mitue.de\/index.php?rest_route=\/wp\/v2\/users\/1"}],"replies":[{"embeddable":true,"href":"https:\/\/mitue.de\/index.php?rest_route=%2Fwp%2Fv2%2Fcomments&post=4923"}],"version-history":[{"count":1,"href":"https:\/\/mitue.de\/index.php?rest_route=\/wp\/v2\/posts\/4923\/revisions"}],"predecessor-version":[{"id":4924,"href":"https:\/\/mitue.de\/index.php?rest_route=\/wp\/v2\/posts\/4923\/revisions\/4924"}],"wp:attachment":[{"href":"https:\/\/mitue.de\/index.php?rest_route=%2Fwp%2Fv2%2Fmedia&parent=4923"}],"wp:term":[{"taxonomy":"category","embeddable":true,"href":"https:\/\/mitue.de\/index.php?rest_route=%2Fwp%2Fv2%2Fcategories&post=4923"},{"taxonomy":"post_tag","embeddable":true,"href":"https:\/\/mitue.de\/index.php?rest_route=%2Fwp%2Fv2%2Ftags&post=4923"}],"curies":[{"name":"wp","href":"https:\/\/api.w.org\/{rel}","templated":true}]}}