{"id":4942,"date":"2015-10-12T16:37:43","date_gmt":"2015-10-12T15:37:43","guid":{"rendered":"http:\/\/mitue.de\/?p=4942"},"modified":"2015-10-12T16:38:38","modified_gmt":"2015-10-12T15:38:38","slug":"larysa-kosatsch","status":"publish","type":"post","link":"https:\/\/mitue.de\/?p=4942","title":{"rendered":"Larysa Kosatsch"},"content":{"rendered":"<p align=\"left\">\u00bbWenn ich diese weichen und schw\u00e4chlichen oder kalten und klugschw\u00e4tzerischen Werke junger Ukrainer lese und sie mit den frischen, starken, mutigen und dennoch so einfachen, aufrichtigen Worten Lesja Ukrajinkas vergleiche, komme ich zu dem Schluss, dass dieses kr\u00e4nkliche, schw\u00e4chliche M\u00e4dchen wohl der einzige Mann in der derzeitigen ukrainischen Literatur ist \u2026 \u00ab<br \/>\nMit diesen ber\u00fchmten Worten hebt der Kritiker und Dichter Iwan Franko seine j\u00fcngere Kollegin Lesja Ukrajinka auf den Olymp der ukrainischen Literatur. Bis heute gilt sie als die bedeutendste ukrainische Autorin der Moderne.<br \/>\n(mehr <a href=\"http:\/\/titel-kulturmagazin.net\/2013\/08\/01\/feministin-und-patriotin-zum-100-todestag-von-lesja-ukrajinka\/\">hier<\/a>)<\/p>\n<p><a title=\"2015101105\" href=\"https:\/\/www.flickr.com\/photos\/mitue\/21905428638\/in\/dateposted\/\"><img loading=\"lazy\" decoding=\"async\" src=\"https:\/\/farm1.staticflickr.com\/737\/21905428638_2059e9a2d7.jpg\" alt=\"2015101105\" width=\"500\" height=\"231\" \/><\/a><\/p>\n<p align=\"left\">Die dunkle Granittafel, die im linken Teil ein Brustbild der Dichterin zeigt, wurde von der Botschaft der Ukraine und dem Zentralverband der Ukrainer in Deutschland am 30.8.2010 an der Fassade des Hauses Johannisstra\u00dfe 11 enth\u00fcllt. Lesja Ukrajinka war hier zu einem Klinikaufenthalt.<\/p>\n","protected":false},"excerpt":{"rendered":"<p>\u00bbWenn ich diese weichen und schw\u00e4chlichen oder kalten und klugschw\u00e4tzerischen Werke junger Ukrainer lese und sie mit den frischen, starken, mutigen und dennoch so einfachen, aufrichtigen Worten Lesja Ukrajinkas vergleiche, komme ich zu dem Schluss, dass dieses kr\u00e4nkliche, schw\u00e4chliche M\u00e4dchen wohl der einzige Mann in der derzeitigen ukrainischen Literatur ist \u2026 \u00ab Mit diesen ber\u00fchmten [&hellip;]<\/p>\n","protected":false},"author":1,"featured_media":0,"comment_status":"open","ping_status":"closed","sticky":false,"template":"","format":"standard","meta":{"footnotes":""},"categories":[4],"tags":[626],"class_list":["post-4942","post","type-post","status-publish","format-standard","hentry","category-berlin","tag-berliner-gedenktafel"],"_links":{"self":[{"href":"https:\/\/mitue.de\/index.php?rest_route=\/wp\/v2\/posts\/4942","targetHints":{"allow":["GET"]}}],"collection":[{"href":"https:\/\/mitue.de\/index.php?rest_route=\/wp\/v2\/posts"}],"about":[{"href":"https:\/\/mitue.de\/index.php?rest_route=\/wp\/v2\/types\/post"}],"author":[{"embeddable":true,"href":"https:\/\/mitue.de\/index.php?rest_route=\/wp\/v2\/users\/1"}],"replies":[{"embeddable":true,"href":"https:\/\/mitue.de\/index.php?rest_route=%2Fwp%2Fv2%2Fcomments&post=4942"}],"version-history":[{"count":2,"href":"https:\/\/mitue.de\/index.php?rest_route=\/wp\/v2\/posts\/4942\/revisions"}],"predecessor-version":[{"id":4944,"href":"https:\/\/mitue.de\/index.php?rest_route=\/wp\/v2\/posts\/4942\/revisions\/4944"}],"wp:attachment":[{"href":"https:\/\/mitue.de\/index.php?rest_route=%2Fwp%2Fv2%2Fmedia&parent=4942"}],"wp:term":[{"taxonomy":"category","embeddable":true,"href":"https:\/\/mitue.de\/index.php?rest_route=%2Fwp%2Fv2%2Fcategories&post=4942"},{"taxonomy":"post_tag","embeddable":true,"href":"https:\/\/mitue.de\/index.php?rest_route=%2Fwp%2Fv2%2Ftags&post=4942"}],"curies":[{"name":"wp","href":"https:\/\/api.w.org\/{rel}","templated":true}]}}