{"id":4957,"date":"2015-10-19T17:37:21","date_gmt":"2015-10-19T16:37:21","guid":{"rendered":"http:\/\/mitue.de\/?p=4957"},"modified":"2015-10-19T17:37:21","modified_gmt":"2015-10-19T16:37:21","slug":"konigin-luise-im-tiergarten","status":"publish","type":"post","link":"https:\/\/mitue.de\/?p=4957","title":{"rendered":"K\u00f6nigin Luise im Tiergarten"},"content":{"rendered":"<p><a href=\"https:\/\/www.flickr.com\/photos\/mitue\/22251293396\/in\/dateposted\/\" title=\"K\u00f6nigin Luise\"><img loading=\"lazy\" decoding=\"async\" src=\"https:\/\/farm1.staticflickr.com\/572\/22251293396_3b1eea6f48.jpg\" width=\"500\" height=\"364\" alt=\"K\u00f6nigin Luise\"><\/a><\/p>\n<blockquote><p>Das Denkmal von K\u00f6nigin Luise von Preu\u00dfen im Berliner Tiergarten ist 133 Jahre nach seiner Enth\u00fcllung wieder in alter Pracht zu sehen. Die anmutige Marmorstatue war schon im Sommer nach einer aufwendigen Restaurierung wieder aufgestellt worden. Inzwischen sind auch wesentliche Arbeiten im Umfeld des Denkmals beendet, wie die Berliner Senatsbauverwaltung mitteilte. Am Mittwoch soll die R\u00fcckkehr der &#8222;K\u00f6nigin der Herzen&#8220; auf die sogenannte Luiseninsel in einer Feierstunde gew\u00fcrdigt werden.<\/p>\n<p>Der K\u00fcnstler Erdmann Encke (1843\u20131896) schuf die \u00fcberlebensgro\u00dfe Marmorfigur nach der Totenmaske der K\u00f6nigin und einer B\u00fcste von Johann Gottfried Schadow. 1980 wanderte die verwitterte Luisen-Skulptur zum Schutz ins Archiv. Sieben Jahre sp\u00e4ter ersetzte eine Beton-Kopie sie.<br \/>\n(Hamburger Abendblatt, 28.10.13)<\/p><\/blockquote>\n<p><a href=\"https:\/\/www.flickr.com\/photos\/mitue\/22307500515\/in\/dateposted\/\" title=\"2015101809\"><img loading=\"lazy\" decoding=\"async\" src=\"https:\/\/farm1.staticflickr.com\/655\/22307500515_c21b6f409a.jpg\" width=\"500\" height=\"471\" alt=\"2015101809\"><\/a><\/p>\n<p><a href=\"https:\/\/www.flickr.com\/photos\/mitue\/21684782134\/in\/dateposted\/\" title=\"2015101808\"><img loading=\"lazy\" decoding=\"async\" src=\"https:\/\/farm1.staticflickr.com\/638\/21684782134_b5ced8e845.jpg\" width=\"500\" height=\"446\" alt=\"2015101808\"><\/a><\/p>\n<p><a href=\"https:\/\/www.flickr.com\/photos\/mitue\/22281495726\/in\/dateposted\/\" title=\"2015101807\"><img loading=\"lazy\" decoding=\"async\" src=\"https:\/\/farm6.staticflickr.com\/5746\/22281495726_a11563511f.jpg\" width=\"500\" height=\"475\" alt=\"2015101807\"><\/a><\/p>\n<p align=\"left\">1880 wurde das von Ermann Encke entworfene Denkmal der K\u00f6nigin Luise auf \u201eihrer Insel\u201c aufgestellt. Urspr\u00fcnglich befand sich auf der Insel eine von Johann Gottfried Schadow entworfene Stele mit Marmorschale, die im laufe der Jahre verloren ging. Versunken, wie in sich gekehrt, blickt Luise nieder. Jenseits der Insel steht seit 1849 das Denkmal K\u00f6nig Friedrich Wilhelm III, entworfen von Johann Friedrich Drake, in Blickrichtung zur Luiseninsel.<\/p>\n<p>\u201eJetzt zwischen Link- und Eichhornstra\u00dfe<br \/>\nmess\u2019 ich meine bescheidenen Ma\u00dfe,<br \/>\nH\u00f6chstens bis K\u00f6nigin Luise<br \/>\nwag\u2019 ich mich vor, umschreitend diese.\u201c<\/p>\n<p>So hei\u00dft es in Fontanes Gedicht Meine Reiselust. Fontane ging mit zunehmendem Alter und Ausbleiben gr\u00f6\u00dferer Reisen h\u00e4ufig im Tiergarten spazieren.<br \/>\n(mehr <a href=\"http:\/\/www.fontane-gesellschaft.de\/home\/2014\/08\/brief-aus-berlin-26-luise-k%C3%B6nigin-der-herzen.html\">hier<\/a>)<\/p>\n<p><a href=\"https:\/\/www.flickr.com\/photos\/mitue\/21685220054\/in\/dateposted\/\" title=\"Friedrich Wilhelm III.\"><img loading=\"lazy\" decoding=\"async\" src=\"https:\/\/farm6.staticflickr.com\/5638\/21685220054_8c9f5ab525.jpg\" width=\"500\" height=\"377\" alt=\"Friedrich Wilhelm III.\"><\/a><\/p>\n","protected":false},"excerpt":{"rendered":"<p>Das Denkmal von K\u00f6nigin Luise von Preu\u00dfen im Berliner Tiergarten ist 133 Jahre nach seiner Enth\u00fcllung wieder in alter Pracht zu sehen. Die anmutige Marmorstatue war schon im Sommer nach einer aufwendigen Restaurierung wieder aufgestellt worden. Inzwischen sind auch wesentliche Arbeiten im Umfeld des Denkmals beendet, wie die Berliner Senatsbauverwaltung mitteilte. Am Mittwoch soll die [&hellip;]<\/p>\n","protected":false},"author":1,"featured_media":0,"comment_status":"open","ping_status":"closed","sticky":false,"template":"","format":"standard","meta":{"footnotes":""},"categories":[3],"tags":[],"class_list":["post-4957","post","type-post","status-publish","format-standard","hentry","category-kunst-im-offentlichen-raum"],"_links":{"self":[{"href":"https:\/\/mitue.de\/index.php?rest_route=\/wp\/v2\/posts\/4957","targetHints":{"allow":["GET"]}}],"collection":[{"href":"https:\/\/mitue.de\/index.php?rest_route=\/wp\/v2\/posts"}],"about":[{"href":"https:\/\/mitue.de\/index.php?rest_route=\/wp\/v2\/types\/post"}],"author":[{"embeddable":true,"href":"https:\/\/mitue.de\/index.php?rest_route=\/wp\/v2\/users\/1"}],"replies":[{"embeddable":true,"href":"https:\/\/mitue.de\/index.php?rest_route=%2Fwp%2Fv2%2Fcomments&post=4957"}],"version-history":[{"count":1,"href":"https:\/\/mitue.de\/index.php?rest_route=\/wp\/v2\/posts\/4957\/revisions"}],"predecessor-version":[{"id":4958,"href":"https:\/\/mitue.de\/index.php?rest_route=\/wp\/v2\/posts\/4957\/revisions\/4958"}],"wp:attachment":[{"href":"https:\/\/mitue.de\/index.php?rest_route=%2Fwp%2Fv2%2Fmedia&parent=4957"}],"wp:term":[{"taxonomy":"category","embeddable":true,"href":"https:\/\/mitue.de\/index.php?rest_route=%2Fwp%2Fv2%2Fcategories&post=4957"},{"taxonomy":"post_tag","embeddable":true,"href":"https:\/\/mitue.de\/index.php?rest_route=%2Fwp%2Fv2%2Ftags&post=4957"}],"curies":[{"name":"wp","href":"https:\/\/api.w.org\/{rel}","templated":true}]}}