{"id":4993,"date":"2015-11-13T18:55:26","date_gmt":"2015-11-13T17:55:26","guid":{"rendered":"http:\/\/mitue.de\/?p=4993"},"modified":"2015-11-13T18:56:05","modified_gmt":"2015-11-13T17:56:05","slug":"the-utopian-delusion","status":"publish","type":"post","link":"https:\/\/mitue.de\/?p=4993","title":{"rendered":"The Utopian Delusion"},"content":{"rendered":"<p align=\"left\"><a href=\"http:\/\/www.schultzberlin.com\/en\/exhibition\/utopian-delusion\">Sandor Szasz in der Galerie Schultz Contempoorary<\/a><\/p>\n<p><a href=\"https:\/\/www.flickr.com\/photos\/mitue\/22989060265\/in\/dateposted\/\" title=\"Sandor Szasz 1\"><img loading=\"lazy\" decoding=\"async\" src=\"https:\/\/farm1.staticflickr.com\/763\/22989060265_7f3ceaf794.jpg\" width=\"500\" height=\"385\" alt=\"Sandor Szasz 1\"><\/a><\/p>\n<p align=\"left\"><a href=\"http:\/\/www.schultzberlin.com\/de\/newsticker\/review-utopian-delusion-galerie-michael-schultz\">Review<\/a><\/p>\n<p><a  href=\"https:\/\/www.flickr.com\/photos\/mitue\/22801004710\/in\/dateposted\/\" title=\"Sandor Szasz 2\"><img loading=\"lazy\" decoding=\"async\" src=\"https:\/\/farm6.staticflickr.com\/5748\/22801004710_aaf9ccf222.jpg\" width=\"500\" height=\"375\" alt=\"Sandor Szasz 2\"><\/a><\/p>\n<blockquote><p>Der 1976 in Rum\u00e4nien geborene und heute in Budapest in Ungarn lebende ungarische K\u00fcnstler Sander Sz\u00e1sz setzt sich in seiner Kunst kritisch mit den Stilbl\u00fcten kommunistischer Strukturma\u00dfnanmen Rum\u00e4niens auseinander.<br \/>\nDie zwischen 2013 und 2015 gefertigten Gem\u00e4lde und Collagen, entstanden als pers\u00f6nliche Auseinandersetzung mit dem 1988 vom rum\u00e4nischen Diktator Nicolai Ceausescu durch den Bau eines Staudammes mutwillig \u00fcberfluteten Heimatdorf des K\u00fcnstlers.<br \/>\n(Info &#8211; Ausstellungsflyer)<\/p><\/blockquote>\n","protected":false},"excerpt":{"rendered":"<p>Sandor Szasz in der Galerie Schultz Contempoorary Review Der 1976 in Rum\u00e4nien geborene und heute in Budapest in Ungarn lebende ungarische K\u00fcnstler Sander Sz\u00e1sz setzt sich in seiner Kunst kritisch mit den Stilbl\u00fcten kommunistischer Strukturma\u00dfnanmen Rum\u00e4niens auseinander. Die zwischen 2013 und 2015 gefertigten Gem\u00e4lde und Collagen, entstanden als pers\u00f6nliche Auseinandersetzung mit dem 1988 vom rum\u00e4nischen [&hellip;]<\/p>\n","protected":false},"author":1,"featured_media":0,"comment_status":"open","ping_status":"closed","sticky":false,"template":"","format":"standard","meta":{"footnotes":""},"categories":[5],"tags":[],"class_list":["post-4993","post","type-post","status-publish","format-standard","hentry","category-ausstellungen"],"_links":{"self":[{"href":"https:\/\/mitue.de\/index.php?rest_route=\/wp\/v2\/posts\/4993","targetHints":{"allow":["GET"]}}],"collection":[{"href":"https:\/\/mitue.de\/index.php?rest_route=\/wp\/v2\/posts"}],"about":[{"href":"https:\/\/mitue.de\/index.php?rest_route=\/wp\/v2\/types\/post"}],"author":[{"embeddable":true,"href":"https:\/\/mitue.de\/index.php?rest_route=\/wp\/v2\/users\/1"}],"replies":[{"embeddable":true,"href":"https:\/\/mitue.de\/index.php?rest_route=%2Fwp%2Fv2%2Fcomments&post=4993"}],"version-history":[{"count":2,"href":"https:\/\/mitue.de\/index.php?rest_route=\/wp\/v2\/posts\/4993\/revisions"}],"predecessor-version":[{"id":4995,"href":"https:\/\/mitue.de\/index.php?rest_route=\/wp\/v2\/posts\/4993\/revisions\/4995"}],"wp:attachment":[{"href":"https:\/\/mitue.de\/index.php?rest_route=%2Fwp%2Fv2%2Fmedia&parent=4993"}],"wp:term":[{"taxonomy":"category","embeddable":true,"href":"https:\/\/mitue.de\/index.php?rest_route=%2Fwp%2Fv2%2Fcategories&post=4993"},{"taxonomy":"post_tag","embeddable":true,"href":"https:\/\/mitue.de\/index.php?rest_route=%2Fwp%2Fv2%2Ftags&post=4993"}],"curies":[{"name":"wp","href":"https:\/\/api.w.org\/{rel}","templated":true}]}}