{"id":4996,"date":"2015-11-14T16:35:50","date_gmt":"2015-11-14T15:35:50","guid":{"rendered":"http:\/\/mitue.de\/?p=4996"},"modified":"2015-11-14T16:35:50","modified_gmt":"2015-11-14T15:35:50","slug":"von-hockney-bis-holbein","status":"publish","type":"post","link":"https:\/\/mitue.de\/?p=4996","title":{"rendered":"Von Hockney bis Holbein"},"content":{"rendered":"<p><a href=\"https:\/\/www.flickr.com\/photos\/mitue\/22618721039\/in\/dateposted\/\" title=\"Von Hockney bis Holbein\"><img loading=\"lazy\" decoding=\"async\" src=\"https:\/\/farm6.staticflickr.com\/5767\/22618721039_8b8f7aaf59.jpg\" width=\"500\" height=\"333\" alt=\"Von Hockney bis Holbein\"><\/a><\/p>\n<p align=\"left\">Die <a href=\"http:\/\/www.museumsportal-berlin.de\/de\/ausstellungen\/von-hockney-holbein\/\">Sammlung W\u00fcrth im Martin-Gropius-Bau<\/a><\/p>\n<blockquote><p>Es ist &#8230; das erste Mal, dass diese gargantueske Sammlung, \u00fcber die naturgem\u00e4\u00df kein Mensch wirklich \u00dcbersicht haben kann, in einem immerhin ein Haus f\u00fcllenden Querschnitt zu sehen ist. Auch W\u00fcrth l\u00e4sst sich durch die R\u00e4ume geleiten und muss ein bisschen schmunzeln, was da schr\u00e4ublehalber alles zusammengekommen ist.<br \/>\n(mehr <a href=\"http:\/\/www.welt.de\/kultur\/kunst-und-architektur\/article146409068\/Wie-man-Kunst-sammelt-auf-gut-Schwaebisch.html\">hier<\/a>)<\/p><\/blockquote>\n","protected":false},"excerpt":{"rendered":"<p>Die Sammlung W\u00fcrth im Martin-Gropius-Bau Es ist &#8230; das erste Mal, dass diese gargantueske Sammlung, \u00fcber die naturgem\u00e4\u00df kein Mensch wirklich \u00dcbersicht haben kann, in einem immerhin ein Haus f\u00fcllenden Querschnitt zu sehen ist. Auch W\u00fcrth l\u00e4sst sich durch die R\u00e4ume geleiten und muss ein bisschen schmunzeln, was da schr\u00e4ublehalber alles zusammengekommen ist. (mehr hier)<\/p>\n","protected":false},"author":1,"featured_media":0,"comment_status":"open","ping_status":"closed","sticky":false,"template":"","format":"standard","meta":{"footnotes":""},"categories":[5],"tags":[285],"class_list":["post-4996","post","type-post","status-publish","format-standard","hentry","category-ausstellungen","tag-martin-gropius-bau"],"_links":{"self":[{"href":"https:\/\/mitue.de\/index.php?rest_route=\/wp\/v2\/posts\/4996","targetHints":{"allow":["GET"]}}],"collection":[{"href":"https:\/\/mitue.de\/index.php?rest_route=\/wp\/v2\/posts"}],"about":[{"href":"https:\/\/mitue.de\/index.php?rest_route=\/wp\/v2\/types\/post"}],"author":[{"embeddable":true,"href":"https:\/\/mitue.de\/index.php?rest_route=\/wp\/v2\/users\/1"}],"replies":[{"embeddable":true,"href":"https:\/\/mitue.de\/index.php?rest_route=%2Fwp%2Fv2%2Fcomments&post=4996"}],"version-history":[{"count":1,"href":"https:\/\/mitue.de\/index.php?rest_route=\/wp\/v2\/posts\/4996\/revisions"}],"predecessor-version":[{"id":4997,"href":"https:\/\/mitue.de\/index.php?rest_route=\/wp\/v2\/posts\/4996\/revisions\/4997"}],"wp:attachment":[{"href":"https:\/\/mitue.de\/index.php?rest_route=%2Fwp%2Fv2%2Fmedia&parent=4996"}],"wp:term":[{"taxonomy":"category","embeddable":true,"href":"https:\/\/mitue.de\/index.php?rest_route=%2Fwp%2Fv2%2Fcategories&post=4996"},{"taxonomy":"post_tag","embeddable":true,"href":"https:\/\/mitue.de\/index.php?rest_route=%2Fwp%2Fv2%2Ftags&post=4996"}],"curies":[{"name":"wp","href":"https:\/\/api.w.org\/{rel}","templated":true}]}}