{"id":4998,"date":"2015-11-15T16:33:47","date_gmt":"2015-11-15T15:33:47","guid":{"rendered":"http:\/\/mitue.de\/?p=4998"},"modified":"2015-11-15T16:35:12","modified_gmt":"2015-11-15T15:35:12","slug":"denkmal-von-heinrich-friedrich-karl-vom-und-zum-stein","status":"publish","type":"post","link":"https:\/\/mitue.de\/?p=4998","title":{"rendered":"Denkmal des Freiherrn vom und zum Stein"},"content":{"rendered":"<p><a href=\"https:\/\/www.flickr.com\/photos\/mitue\/6347374287\/in\/photolist-B5hYkw-A9AzF2-A9AfYT-B4bDEs-AswaJi-B4bywb-Asw7VU-B6ubWt-B5hHb3-bgh74v-9HDA1o-96qXUX-977rk2-8jhTxE-63fQsJ-62ee2o-ST4PW-aETXeH\" title=\"stein5\"><img loading=\"lazy\" decoding=\"async\" src=\"https:\/\/farm7.staticflickr.com\/6048\/6347374287_dea67ff84f.jpg\" width=\"500\" height=\"375\" alt=\"stein5\"><\/a><\/p>\n<p align=\"left\">Die vom <a href=\"https:\/\/de.wikipedia.org\/wiki\/Hermann_Schievelbein\">Bildhauer F. A. Hermann Schievelbein<\/a> entworfene Statue f\u00fcr den preu\u00dfischen Reformer Freiherr vom Stein (1757-1831) stand ab 1875 auf dem D\u00f6nhoffplatz. Es tr\u00e4gt die Inschrift \u00bbDem Minister Freiherr vom Stein. Das dankbare Vaterland\u00ab.<br \/>\nAnl\u00e4sslich vom Steins 150. Todestag 1981 wurde das restaurierte Denkmal vor dem DDR Aussenministerium aufgestellt. Seit 2003 steht es vor dem Berliner Abgeordnetenhaus in der K\u00e4the-Niederkirchner-Stra\u00dfe. <\/p>\n<p><a href=\"https:\/\/www.flickr.com\/photos\/mitue\/23034569295\/in\/dateposted\/\" title=\"2015111413\"><img loading=\"lazy\" decoding=\"async\" src=\"https:\/\/farm6.staticflickr.com\/5821\/23034569295_ab9c52fab9.jpg\" width=\"500\" height=\"333\" alt=\"2015111413\"><\/a><br \/>\nAufhebung der <a href=\"http:\/\/universal_lexikon.deacademic.com\/76621\/Erbuntert%C3%A4nigkeit\">Erbuntert\u00e4nigkeit<\/a><\/p>\n<p><a href=\"https:\/\/www.flickr.com\/photos\/mitue\/23021064172\/in\/dateposted\/\" title=\"2015111410\"><img loading=\"lazy\" decoding=\"async\" src=\"https:\/\/farm1.staticflickr.com\/681\/23021064172_7ef0d179b8.jpg\" width=\"500\" height=\"333\" alt=\"2015111410\"><\/a><\/p>\n<blockquote><p>Als Wilhelm von Humboldt im Januar 1809 nach Berlin kam, notierte er entsetzt: \u201eBerlin ist zu einem Dorf geworden.\u201c<br \/>\nNeue Impulse f\u00fcr die Stadt gingen von den Reformgesetzen des Freiherrn vom und zum Stein aus, die den Rahmen f\u00fcr den politisch-gesellschaftlichen Neubeginn bildeten. Am 19. November 1808 trat die neue St\u00e4dteordnung (\u201eOrdnung f\u00fcr s\u00e4mtliche St\u00e4dte der Preu\u00dfischen Monarchie\u201c) in Kraft, die den st\u00e4dtischen Gemeinden Selbstverwaltung brachte und deren Leitgedanken die St\u00e4rkung des Gemein- und B\u00fcrgersinns sowie die Ausweitung der kommunalpolitischen Mitbestimmungsm\u00f6glichkeiten waren. <br \/>\n(<a href=\"https:\/\/www.berlin.de\/rbmskzl\/regierender-buergermeister\/buergermeister-von-berlin\/buergermeistergalerie\/artikel.4535.php\">hier<\/a>)<\/p><\/blockquote>\n<p><a href=\"https:\/\/www.flickr.com\/photos\/mitue\/22413409163\/in\/dateposted\/\" title=\"2015111411\"><img loading=\"lazy\" decoding=\"async\" src=\"https:\/\/farm1.staticflickr.com\/735\/22413409163_7fb88130e1.jpg\" width=\"500\" height=\"333\" alt=\"2015111411\"><\/a><\/p>\n<p><a href=\"https:\/\/www.flickr.com\/photos\/mitue\/23008514186\/in\/dateposted\/\" title=\"2015111415\"><img loading=\"lazy\" decoding=\"async\" src=\"https:\/\/farm6.staticflickr.com\/5737\/23008514186_15b1ddd6cd.jpg\" width=\"500\" height=\"333\" alt=\"2015111415\"><\/a><br \/>\nKaiser Alexander I. von Russland besucht Freiherr vom Stein<\/p>\n","protected":false},"excerpt":{"rendered":"<p>Die vom Bildhauer F. A. Hermann Schievelbein entworfene Statue f\u00fcr den preu\u00dfischen Reformer Freiherr vom Stein (1757-1831) stand ab 1875 auf dem D\u00f6nhoffplatz. Es tr\u00e4gt die Inschrift \u00bbDem Minister Freiherr vom Stein. Das dankbare Vaterland\u00ab. Anl\u00e4sslich vom Steins 150. Todestag 1981 wurde das restaurierte Denkmal vor dem DDR Aussenministerium aufgestellt. Seit 2003 steht es vor [&hellip;]<\/p>\n","protected":false},"author":1,"featured_media":0,"comment_status":"open","ping_status":"closed","sticky":false,"template":"","format":"standard","meta":{"footnotes":""},"categories":[3],"tags":[],"class_list":["post-4998","post","type-post","status-publish","format-standard","hentry","category-kunst-im-offentlichen-raum"],"_links":{"self":[{"href":"https:\/\/mitue.de\/index.php?rest_route=\/wp\/v2\/posts\/4998","targetHints":{"allow":["GET"]}}],"collection":[{"href":"https:\/\/mitue.de\/index.php?rest_route=\/wp\/v2\/posts"}],"about":[{"href":"https:\/\/mitue.de\/index.php?rest_route=\/wp\/v2\/types\/post"}],"author":[{"embeddable":true,"href":"https:\/\/mitue.de\/index.php?rest_route=\/wp\/v2\/users\/1"}],"replies":[{"embeddable":true,"href":"https:\/\/mitue.de\/index.php?rest_route=%2Fwp%2Fv2%2Fcomments&post=4998"}],"version-history":[{"count":2,"href":"https:\/\/mitue.de\/index.php?rest_route=\/wp\/v2\/posts\/4998\/revisions"}],"predecessor-version":[{"id":5000,"href":"https:\/\/mitue.de\/index.php?rest_route=\/wp\/v2\/posts\/4998\/revisions\/5000"}],"wp:attachment":[{"href":"https:\/\/mitue.de\/index.php?rest_route=%2Fwp%2Fv2%2Fmedia&parent=4998"}],"wp:term":[{"taxonomy":"category","embeddable":true,"href":"https:\/\/mitue.de\/index.php?rest_route=%2Fwp%2Fv2%2Fcategories&post=4998"},{"taxonomy":"post_tag","embeddable":true,"href":"https:\/\/mitue.de\/index.php?rest_route=%2Fwp%2Fv2%2Ftags&post=4998"}],"curies":[{"name":"wp","href":"https:\/\/api.w.org\/{rel}","templated":true}]}}