{"id":5008,"date":"2015-11-20T20:52:11","date_gmt":"2015-11-20T19:52:11","guid":{"rendered":"http:\/\/mitue.de\/?p=5008"},"modified":"2021-07-31T10:39:44","modified_gmt":"2021-07-31T09:39:44","slug":"im-dickicht-der-drahte","status":"publish","type":"post","link":"https:\/\/mitue.de\/?p=5008","title":{"rendered":"Im Dickicht der Dr\u00e4hte"},"content":{"rendered":"<p align=\"left\">Eine Austellung zum 80. Geburtstag von Ursula Sax bei <a href=\"http:\/\/www.semjoncontemporary.com\/wp-content\/uploads\/2015\/07\/UX_MW_Portfolio-HP_2015-07-20.pdf\">Semjon Contemporary<\/a><\/p>\n<p><a href=\"https:\/\/www.flickr.com\/photos\/mitue\/22786105719\/in\/dateposted\/\" title=\"Sax02\"><img loading=\"lazy\" decoding=\"async\" src=\"https:\/\/farm6.staticflickr.com\/5684\/22786105719_978d6c7310.jpg\" width=\"500\" height=\"333\" alt=\"Sax02\"><\/a><\/p>\n<p><a href=\"https:\/\/www.flickr.com\/photos\/mitue\/23189960191\/in\/dateposted\/\" title=\"Sax03\"><img loading=\"lazy\" decoding=\"async\" src=\"https:\/\/farm6.staticflickr.com\/5699\/23189960191_000538fe81.jpg\" width=\"500\" height=\"333\" alt=\"Sax03\"><\/a><\/p>\n<p align=\"left\">Ursula Sax in den Kunstspazierg\u00e4ngen: <a href=\"http:\/\/mitue.de\/?p=3669\">hier<\/a>, <a href=\"http:\/\/mitue.de\/?p=2148\">hier<\/a> und <a href=\"http:\/\/mitue.de\/?p=1411\">hier<\/a><\/p>\n<blockquote><p>Als Bildhauerin hat sich Ursula Sax keinem Stil und keiner Mode verschrieben. Sie ist immer der in ihr brodelnden Kraft gefolgt. Ohne R\u00fccksicht auf die Eigenheiten des Kunstmarktes und ohne sich k\u00fcnstlerischen Moden zu unterwerfen, entwickelte sich ihr Werk. Es waren die Notwendigkeiten, die unabdingbar und unverhandelbar ihr Gesamtwerk formten. Die Galerie Semjon Contemporary stellt es nun aus. In ihren R\u00e4umen bietet sie einen sagenhaften \u00dcberblick mit Zeichnungen, Keramik, Modellen, Grafik und Skulpturen und er\u00f6ffnet zum 80. Geburtstag der in Berlin lebenden K\u00fcnstlerin eine ganz neue, frische Welt in Ursula Sax\u2019 bildhauerischem Universum.<br \/>\n(mehr <a href=\"http:\/\/www.tagesspiegel.de\/kultur\/zum-80-geburtstag-von-ursula-sax-im-dickicht-der-draehte\/12461888.html\">hier<\/a>)<\/p><\/blockquote>\n","protected":false},"excerpt":{"rendered":"<p>Eine Austellung zum 80. Geburtstag von Ursula Sax bei Semjon Contemporary Ursula Sax in den Kunstspazierg\u00e4ngen: hier, hier und hier Als Bildhauerin hat sich Ursula Sax keinem Stil und keiner Mode verschrieben. Sie ist immer der in ihr brodelnden Kraft gefolgt. Ohne R\u00fccksicht auf die Eigenheiten des Kunstmarktes und ohne sich k\u00fcnstlerischen Moden zu unterwerfen, [&hellip;]<\/p>\n","protected":false},"author":1,"featured_media":0,"comment_status":"open","ping_status":"closed","sticky":false,"template":"","format":"standard","meta":{"footnotes":""},"categories":[5],"tags":[316],"class_list":["post-5008","post","type-post","status-publish","format-standard","hentry","category-ausstellungen","tag-ursula-sax"],"_links":{"self":[{"href":"https:\/\/mitue.de\/index.php?rest_route=\/wp\/v2\/posts\/5008","targetHints":{"allow":["GET"]}}],"collection":[{"href":"https:\/\/mitue.de\/index.php?rest_route=\/wp\/v2\/posts"}],"about":[{"href":"https:\/\/mitue.de\/index.php?rest_route=\/wp\/v2\/types\/post"}],"author":[{"embeddable":true,"href":"https:\/\/mitue.de\/index.php?rest_route=\/wp\/v2\/users\/1"}],"replies":[{"embeddable":true,"href":"https:\/\/mitue.de\/index.php?rest_route=%2Fwp%2Fv2%2Fcomments&post=5008"}],"version-history":[{"count":2,"href":"https:\/\/mitue.de\/index.php?rest_route=\/wp\/v2\/posts\/5008\/revisions"}],"predecessor-version":[{"id":8333,"href":"https:\/\/mitue.de\/index.php?rest_route=\/wp\/v2\/posts\/5008\/revisions\/8333"}],"wp:attachment":[{"href":"https:\/\/mitue.de\/index.php?rest_route=%2Fwp%2Fv2%2Fmedia&parent=5008"}],"wp:term":[{"taxonomy":"category","embeddable":true,"href":"https:\/\/mitue.de\/index.php?rest_route=%2Fwp%2Fv2%2Fcategories&post=5008"},{"taxonomy":"post_tag","embeddable":true,"href":"https:\/\/mitue.de\/index.php?rest_route=%2Fwp%2Fv2%2Ftags&post=5008"}],"curies":[{"name":"wp","href":"https:\/\/api.w.org\/{rel}","templated":true}]}}